{"id":2686,"date":"2021-03-22T11:46:20","date_gmt":"2021-03-22T10:46:20","guid":{"rendered":"https:\/\/www.mek-law.de\/2021\/03\/22\/ausschluss-von-%c2%a7-768-bgb-unwirksamkeit-der-sicherungsabrede-copy\/"},"modified":"2021-03-22T11:47:00","modified_gmt":"2021-03-22T10:47:00","slug":"asbest-aufklaerungspflicht-des-verkaeufers-beim-grundstuecksverkauf","status":"publish","type":"post","link":"https:\/\/www.mek-law.de\/en\/2021\/03\/22\/asbest-aufklaerungspflicht-des-verkaeufers-beim-grundstuecksverkauf\/","title":{"rendered":"Asbest: Aufkl\u00e4rungspflicht des  Verk\u00e4ufers beim Grundst\u00fccksverkauf"},"content":{"rendered":"<p><b>BGH, Urteil vom 27.03.2009&nbsp;\u2013 V ZR 30\/08<\/p>\n<p>Entscheidung<\/b><br \/>Kaufgegenstand war ein Wohngeb\u00e4ude, welches im Jahr 1980 in Fertigbauweise errichtet wurde. In dessen Au\u00dfenfassade waren Asbestzementtafeln verarbeitet worden. Nachdem bereits andere Kaufinteressenten aus diesem Grund von ihren Kaufabsichten abger\u00fcckt waren, kl\u00e4rte der Verk\u00e4ufer den K\u00e4ufer w\u00e4hrend der Verkaufsgespr\u00e4che nicht \u00fcber die Asbestverkleidung auf. Die Gew\u00e4hrleistung f\u00fcr Fehler und M\u00e4ngel wurde in dem Kaufvertrag ausgeschlossen. <br \/>\u2028Der K\u00e4ufer erlangte erst nach Abschluss des Kaufvertrages Kenntnis von der Asbestverkleidung und verlangt nunmehr vom Verk\u00e4ufer Schadenersatz in H\u00f6he der Kosten der Asbestsanierung.<\/p>\n<p><b>Zu Recht!<\/b><br \/>Der Bundesgerichtshof hat entschieden, dass Baustoffe, die bei der Errichtung eines Wohnhauses zu diesem Zeitpunkt \u00fcblich waren, sp\u00e4ter sich aber als gesundheitssch\u00e4dlich erwiesen haben, in der Regel einen offenbarungspflichtigen Sachmangel begr\u00fcnden. Dies soll jedenfalls \u2013 wie in dem entschiedenen Fall&nbsp;\u2013 dann gelten, wenn Baumaterialien Stoffe enthalten, die schon in geringen Dosen karzinogen wirken und die ernsthafte Gefahr besteht, dass diese Stoffe bei \u00fcblicher Nutzung, Umgestaltung oder Renovierung des Kaufobjektes austreten. Das Vorhandensein dieser Stoffe begr\u00fcndet eine erhebliche Einschr\u00e4nkung der Nutzbarkeit eines Wohngeb\u00e4udes, wenn \u00fcbliche Umgestaltungs-, Renovierungs- und Umbauma\u00dfnahmen nicht ohne gravierende Gesundheitsgefahren vorgenommen werden k\u00f6nnen. Erschwerend hinzugekommen sei, dass derartige Arbeiten \u00fcblicherweise auch von Laien und nicht nur von mit dem Umgang gef\u00e4hrlicher Baustoffe vertrauten Fachhandwerksbetrieben ausgef\u00fchrt werden. <\/p>\n<p>Hat der Verk\u00e4ufer den K\u00e4ufer im Rahmen der Verkaufsverhandlungen \u00fcber die Beschaffenheit des Wohngeb\u00e4udes nicht aufgekl\u00e4rt, steht dem K\u00e4ufer ein Schadensersatzanspruch wegen Verschulden bei Vertragsabschluss zu. Dem steht auch nicht entgegen, dass in dem vorliegenden Kaufvertrag Gew\u00e4hrleistungsanspr\u00fcche ausgeschlossen waren, da ein Versto\u00df gegen Offenbarungspflichten wie ein arglistiges Verhalten gewertet wird.<\/p>\n<p><b>Praxishinweis<\/b><br \/>Der Bundesgerichtshof hat mit dieser Entscheidung zun\u00e4chst eine heftig umstrittene Rechtsfrage gekl\u00e4rt, n\u00e4mlich ob nach Gefahren\u00fcbergang (was in der Regel mit \u00dcbergabe der Kaufsache erfolgt) sich die Haftung des Verk\u00e4ufers ausschlie\u00dflich nach den kaufrechtlichen Vorschriften bestimmt oder ob er daneben auch nach den Grunds\u00e4tzen des Verschuldens bei Vertragsabschluss haftet. <br \/>Seiner Auffassung nach gelten grunds\u00e4tzlich die kaufrechtlichen Vorschriften, er l\u00e4sst aber zugleich Ausnahmen davon zu. Eine solche Ausnahme, sieht er dann als gegeben an, wenn der Verk\u00e4ufer den K\u00e4ufer im Hinblick auf die Beschaffenheit der Kaufsache arglistig t\u00e4uscht. Einer dahingehenden Haftung kann sich der Verk\u00e4ufer auch nicht durch einen in Kaufvertr\u00e4gen \u00fcber Bestandsobjekte \u00fcblicherweise geregelten Gew\u00e4hrleistungsausschluss entziehen.<\/p>\n<p>Ein arglistiges Verschweigen setzt voraus, dass dem Verk\u00e4ufer der Mangel bekannt ist und hinsichtlich der verschwiegenen Tatsache eine Aufkl\u00e4rungspflicht besteht. Einen offenbarungspflichtigen Mangel sieht der Bundesgerichtshof in der Regel als gegeben an, wenn das Kaufobjekt zum Zeitpunkt des Verkaufs mit Schadstoffen belastet ist, deren Gef\u00e4hrdungspotential zu einem fr\u00fcheren Zeitpunkt nicht gesehen oder als geringf\u00fcgig eingestuft wurde. Allerdings betont er zugleich, dass dies eine Frage des Einzelfalles ist und nicht blo\u00df auf das abstrakte Gef\u00e4hrdungspotential der Schadstoffbelastung abgestellt werden kann. Vielmehr ist erforderlich, dass die ernsthafte Gefahr besteht, dass Stoffe mit einem erheblichen Gef\u00e4hrdungspotential im Rahmen der \u201e\u00fcblichen Nutzung des Kaufobjekts\u201c austreten k\u00f6nnen. Die Nutzbarkeit eines Wohnhauses geht dabei \u00fcber das blo\u00dfe Wohnen hinaus. Insofern muss auch die M\u00f6glichkeit bestehen, ohne Gesundheitsgef\u00e4hrdung im \u00fcblichen Ma\u00dfe Umgestaltungen, bauliche Ver\u00e4nderungen oder Renovierungen vorzunehmen.<\/p>\n<p>Um sich vor Schadensersatzanspr\u00fcchen zu sch\u00fctzen, sollte daher der Verk\u00e4ufer den K\u00e4ufer im Rahmen der Verkaufsverhandlungen umfassend \u00fcber vorhandene M\u00e4ngel, insbesondere bestehende Schadstoffbelastungen aufkl\u00e4ren und dessen Fragen vollst\u00e4ndig und richtig beantworten.<\/p>\n","protected":false},"excerpt":{"rendered":"<p>BGH, Urteil vom 27.03.2009&nbsp;\u2013 V ZR 30\/08 EntscheidungKaufgegenstand war ein [&hellip;]<\/p>\n","protected":false},"author":1,"featured_media":0,"comment_status":"open","ping_status":"open","sticky":false,"template":"","format":"standard","meta":{"footnotes":""},"categories":[1],"tags":[3],"class_list":["post-2686","post","type-post","status-publish","format-standard","hentry","category-allgemein","tag-old-blogposts"],"yoast_head":"<!-- This site is optimized with the Yoast SEO plugin v27.2 - https:\/\/yoast.com\/product\/yoast-seo-wordpress\/ -->\n<title>Asbest: Aufkl\u00e4rungspflicht des Verk\u00e4ufers beim Grundst\u00fccksverkauf<\/title>\n<meta name=\"robots\" content=\"index, follow, max-snippet:-1, max-image-preview:large, max-video-preview:-1\" \/>\n<link rel=\"canonical\" href=\"https:\/\/www.mek-law.de\/en\/2021\/03\/22\/asbest-aufklaerungspflicht-des-verkaeufers-beim-grundstuecksverkauf\/\" \/>\n<meta property=\"og:locale\" content=\"en_US\" \/>\n<meta property=\"og:locale:alternate\" content=\"de_DE\" \/>\n<meta property=\"og:type\" content=\"article\" \/>\n<meta property=\"og:title\" content=\"Asbest: Aufkl\u00e4rungspflicht des Verk\u00e4ufers beim Grundst\u00fccksverkauf\" \/>\n<meta property=\"og:description\" content=\"BGH, Urteil vom 27.03.2009&nbsp;\u2013 V ZR 30\/08 EntscheidungKaufgegenstand war ein [&hellip;]\" \/>\n<meta property=\"og:url\" content=\"https:\/\/www.mek-law.de\/en\/2021\/03\/22\/asbest-aufklaerungspflicht-des-verkaeufers-beim-grundstuecksverkauf\/\" \/>\n<meta property=\"og:site_name\" content=\"MEK | Rechtsanwaltsgesellschaft mbH in Munich &amp; Frankfurt\" \/>\n<meta property=\"article:published_time\" content=\"2021-03-22T10:46:20+00:00\" \/>\n<meta property=\"article:modified_time\" content=\"2021-03-22T10:47:00+00:00\" \/>\n<meta name=\"author\" content=\"admin\" \/>\n<meta name=\"twitter:card\" content=\"summary_large_image\" \/>\n<meta name=\"twitter:label1\" content=\"Written by\" \/>\n\t<meta name=\"twitter:data1\" content=\"admin\" \/>\n\t<meta name=\"twitter:label2\" content=\"Est. reading time\" \/>\n\t<meta name=\"twitter:data2\" content=\"2 minutes\" \/>\n<script type=\"application\/ld+json\" class=\"yoast-schema-graph\">{\"@context\":\"https:\/\/schema.org\",\"@graph\":[{\"@type\":\"Article\",\"@id\":\"https:\/\/www.mek-law.de\/2021\/03\/22\/asbest-aufklaerungspflicht-des-verkaeufers-beim-grundstuecksverkauf\/#article\",\"isPartOf\":{\"@id\":\"https:\/\/www.mek-law.de\/2021\/03\/22\/asbest-aufklaerungspflicht-des-verkaeufers-beim-grundstuecksverkauf\/\"},\"author\":{\"name\":\"admin\",\"@id\":\"https:\/\/www.mek-law.de\/#\/schema\/person\/c2f3213aa109e57ec6e3ee55b0fc0fe2\"},\"headline\":\"Asbest: Aufkl\u00e4rungspflicht des Verk\u00e4ufers beim Grundst\u00fccksverkauf\",\"datePublished\":\"2021-03-22T10:46:20+00:00\",\"dateModified\":\"2021-03-22T10:47:00+00:00\",\"mainEntityOfPage\":{\"@id\":\"https:\/\/www.mek-law.de\/2021\/03\/22\/asbest-aufklaerungspflicht-des-verkaeufers-beim-grundstuecksverkauf\/\"},\"wordCount\":600,\"commentCount\":0,\"keywords\":[\"Old blogposts\"],\"articleSection\":[\"Allgemein\"],\"inLanguage\":\"en-US\",\"potentialAction\":[{\"@type\":\"CommentAction\",\"name\":\"Comment\",\"target\":[\"https:\/\/www.mek-law.de\/2021\/03\/22\/asbest-aufklaerungspflicht-des-verkaeufers-beim-grundstuecksverkauf\/#respond\"]}]},{\"@type\":\"WebPage\",\"@id\":\"https:\/\/www.mek-law.de\/2021\/03\/22\/asbest-aufklaerungspflicht-des-verkaeufers-beim-grundstuecksverkauf\/\",\"url\":\"https:\/\/www.mek-law.de\/2021\/03\/22\/asbest-aufklaerungspflicht-des-verkaeufers-beim-grundstuecksverkauf\/\",\"name\":\"Asbest: Aufkl\u00e4rungspflicht des Verk\u00e4ufers beim Grundst\u00fccksverkauf\",\"isPartOf\":{\"@id\":\"https:\/\/www.mek-law.de\/#website\"},\"datePublished\":\"2021-03-22T10:46:20+00:00\",\"dateModified\":\"2021-03-22T10:47:00+00:00\",\"author\":{\"@id\":\"https:\/\/www.mek-law.de\/#\/schema\/person\/c2f3213aa109e57ec6e3ee55b0fc0fe2\"},\"breadcrumb\":{\"@id\":\"https:\/\/www.mek-law.de\/2021\/03\/22\/asbest-aufklaerungspflicht-des-verkaeufers-beim-grundstuecksverkauf\/#breadcrumb\"},\"inLanguage\":\"en-US\",\"potentialAction\":[{\"@type\":\"ReadAction\",\"target\":[\"https:\/\/www.mek-law.de\/2021\/03\/22\/asbest-aufklaerungspflicht-des-verkaeufers-beim-grundstuecksverkauf\/\"]}]},{\"@type\":\"BreadcrumbList\",\"@id\":\"https:\/\/www.mek-law.de\/2021\/03\/22\/asbest-aufklaerungspflicht-des-verkaeufers-beim-grundstuecksverkauf\/#breadcrumb\",\"itemListElement\":[{\"@type\":\"ListItem\",\"position\":1,\"name\":\"Startseite\",\"item\":\"https:\/\/www.mek-law.de\/\"},{\"@type\":\"ListItem\",\"position\":2,\"name\":\"Asbest: Aufkl\u00e4rungspflicht des Verk\u00e4ufers beim Grundst\u00fccksverkauf\"}]},{\"@type\":\"WebSite\",\"@id\":\"https:\/\/www.mek-law.de\/#website\",\"url\":\"https:\/\/www.mek-law.de\/\",\"name\":\"MEK | Rechtsanwaltsgesellschaft mbH in Munich & Frankfurt\",\"description\":\"\",\"potentialAction\":[{\"@type\":\"SearchAction\",\"target\":{\"@type\":\"EntryPoint\",\"urlTemplate\":\"https:\/\/www.mek-law.de\/?s={search_term_string}\"},\"query-input\":{\"@type\":\"PropertyValueSpecification\",\"valueRequired\":true,\"valueName\":\"search_term_string\"}}],\"inLanguage\":\"en-US\"},{\"@type\":\"Person\",\"@id\":\"https:\/\/www.mek-law.de\/#\/schema\/person\/c2f3213aa109e57ec6e3ee55b0fc0fe2\",\"name\":\"admin\",\"image\":{\"@type\":\"ImageObject\",\"inLanguage\":\"en-US\",\"@id\":\"https:\/\/secure.gravatar.com\/avatar\/c0d9b27c4c44f6a9cc7ee909fbd898cfd6b313730ed70eda93b3fc150e7bf906?s=96&d=mm&r=g\",\"url\":\"https:\/\/secure.gravatar.com\/avatar\/c0d9b27c4c44f6a9cc7ee909fbd898cfd6b313730ed70eda93b3fc150e7bf906?s=96&d=mm&r=g\",\"contentUrl\":\"https:\/\/secure.gravatar.com\/avatar\/c0d9b27c4c44f6a9cc7ee909fbd898cfd6b313730ed70eda93b3fc150e7bf906?s=96&d=mm&r=g\",\"caption\":\"admin\"},\"sameAs\":[\"https:\/\/www.mek-law.de\"],\"url\":\"https:\/\/www.mek-law.de\/en\/author\/admin\/\"}]}<\/script>\n<!-- \/ Yoast SEO plugin. -->","yoast_head_json":{"title":"Asbest: Aufkl\u00e4rungspflicht des Verk\u00e4ufers beim Grundst\u00fccksverkauf","robots":{"index":"index","follow":"follow","max-snippet":"max-snippet:-1","max-image-preview":"max-image-preview:large","max-video-preview":"max-video-preview:-1"},"canonical":"https:\/\/www.mek-law.de\/en\/2021\/03\/22\/asbest-aufklaerungspflicht-des-verkaeufers-beim-grundstuecksverkauf\/","og_locale":"en_US","og_type":"article","og_title":"[:de]Asbest: Aufkl\u00e4rungspflicht des Verk\u00e4ufers beim Grundst\u00fccksverkauf[:] - MEK | Rechtsanwaltsgesellschaft mbH in Munich & Frankfurt","og_description":"BGH, Urteil vom 27.03.2009&nbsp;\u2013 V ZR 30\/08 EntscheidungKaufgegenstand war ein [&hellip;]","og_url":"https:\/\/www.mek-law.de\/en\/2021\/03\/22\/asbest-aufklaerungspflicht-des-verkaeufers-beim-grundstuecksverkauf\/","og_site_name":"MEK | Rechtsanwaltsgesellschaft mbH in Munich & Frankfurt","article_published_time":"2021-03-22T10:46:20+00:00","article_modified_time":"2021-03-22T10:47:00+00:00","author":"admin","twitter_card":"summary_large_image","twitter_misc":{"Written by":"admin","Est. reading time":"2 minutes"},"schema":{"@context":"https:\/\/schema.org","@graph":[{"@type":"Article","@id":"https:\/\/www.mek-law.de\/2021\/03\/22\/asbest-aufklaerungspflicht-des-verkaeufers-beim-grundstuecksverkauf\/#article","isPartOf":{"@id":"https:\/\/www.mek-law.de\/2021\/03\/22\/asbest-aufklaerungspflicht-des-verkaeufers-beim-grundstuecksverkauf\/"},"author":{"name":"admin","@id":"https:\/\/www.mek-law.de\/#\/schema\/person\/c2f3213aa109e57ec6e3ee55b0fc0fe2"},"headline":"Asbest: Aufkl\u00e4rungspflicht des Verk\u00e4ufers beim Grundst\u00fccksverkauf","datePublished":"2021-03-22T10:46:20+00:00","dateModified":"2021-03-22T10:47:00+00:00","mainEntityOfPage":{"@id":"https:\/\/www.mek-law.de\/2021\/03\/22\/asbest-aufklaerungspflicht-des-verkaeufers-beim-grundstuecksverkauf\/"},"wordCount":600,"commentCount":0,"keywords":["Old blogposts"],"articleSection":["Allgemein"],"inLanguage":"en-US","potentialAction":[{"@type":"CommentAction","name":"Comment","target":["https:\/\/www.mek-law.de\/2021\/03\/22\/asbest-aufklaerungspflicht-des-verkaeufers-beim-grundstuecksverkauf\/#respond"]}]},{"@type":"WebPage","@id":"https:\/\/www.mek-law.de\/2021\/03\/22\/asbest-aufklaerungspflicht-des-verkaeufers-beim-grundstuecksverkauf\/","url":"https:\/\/www.mek-law.de\/2021\/03\/22\/asbest-aufklaerungspflicht-des-verkaeufers-beim-grundstuecksverkauf\/","name":"Asbest: Aufkl\u00e4rungspflicht des Verk\u00e4ufers beim Grundst\u00fccksverkauf","isPartOf":{"@id":"https:\/\/www.mek-law.de\/#website"},"datePublished":"2021-03-22T10:46:20+00:00","dateModified":"2021-03-22T10:47:00+00:00","author":{"@id":"https:\/\/www.mek-law.de\/#\/schema\/person\/c2f3213aa109e57ec6e3ee55b0fc0fe2"},"breadcrumb":{"@id":"https:\/\/www.mek-law.de\/2021\/03\/22\/asbest-aufklaerungspflicht-des-verkaeufers-beim-grundstuecksverkauf\/#breadcrumb"},"inLanguage":"en-US","potentialAction":[{"@type":"ReadAction","target":["https:\/\/www.mek-law.de\/2021\/03\/22\/asbest-aufklaerungspflicht-des-verkaeufers-beim-grundstuecksverkauf\/"]}]},{"@type":"BreadcrumbList","@id":"https:\/\/www.mek-law.de\/2021\/03\/22\/asbest-aufklaerungspflicht-des-verkaeufers-beim-grundstuecksverkauf\/#breadcrumb","itemListElement":[{"@type":"ListItem","position":1,"name":"Startseite","item":"https:\/\/www.mek-law.de\/"},{"@type":"ListItem","position":2,"name":"Asbest: Aufkl\u00e4rungspflicht des Verk\u00e4ufers beim Grundst\u00fccksverkauf"}]},{"@type":"WebSite","@id":"https:\/\/www.mek-law.de\/#website","url":"https:\/\/www.mek-law.de\/","name":"MEK | Rechtsanwaltsgesellschaft mbH in Munich & Frankfurt","description":"","potentialAction":[{"@type":"SearchAction","target":{"@type":"EntryPoint","urlTemplate":"https:\/\/www.mek-law.de\/?s={search_term_string}"},"query-input":{"@type":"PropertyValueSpecification","valueRequired":true,"valueName":"search_term_string"}}],"inLanguage":"en-US"},{"@type":"Person","@id":"https:\/\/www.mek-law.de\/#\/schema\/person\/c2f3213aa109e57ec6e3ee55b0fc0fe2","name":"admin","image":{"@type":"ImageObject","inLanguage":"en-US","@id":"https:\/\/secure.gravatar.com\/avatar\/c0d9b27c4c44f6a9cc7ee909fbd898cfd6b313730ed70eda93b3fc150e7bf906?s=96&d=mm&r=g","url":"https:\/\/secure.gravatar.com\/avatar\/c0d9b27c4c44f6a9cc7ee909fbd898cfd6b313730ed70eda93b3fc150e7bf906?s=96&d=mm&r=g","contentUrl":"https:\/\/secure.gravatar.com\/avatar\/c0d9b27c4c44f6a9cc7ee909fbd898cfd6b313730ed70eda93b3fc150e7bf906?s=96&d=mm&r=g","caption":"admin"},"sameAs":["https:\/\/www.mek-law.de"],"url":"https:\/\/www.mek-law.de\/en\/author\/admin\/"}]}},"_links":{"self":[{"href":"https:\/\/www.mek-law.de\/en\/wp-json\/wp\/v2\/posts\/2686","targetHints":{"allow":["GET"]}}],"collection":[{"href":"https:\/\/www.mek-law.de\/en\/wp-json\/wp\/v2\/posts"}],"about":[{"href":"https:\/\/www.mek-law.de\/en\/wp-json\/wp\/v2\/types\/post"}],"author":[{"embeddable":true,"href":"https:\/\/www.mek-law.de\/en\/wp-json\/wp\/v2\/users\/1"}],"replies":[{"embeddable":true,"href":"https:\/\/www.mek-law.de\/en\/wp-json\/wp\/v2\/comments?post=2686"}],"version-history":[{"count":0,"href":"https:\/\/www.mek-law.de\/en\/wp-json\/wp\/v2\/posts\/2686\/revisions"}],"wp:attachment":[{"href":"https:\/\/www.mek-law.de\/en\/wp-json\/wp\/v2\/media?parent=2686"}],"wp:term":[{"taxonomy":"category","embeddable":true,"href":"https:\/\/www.mek-law.de\/en\/wp-json\/wp\/v2\/categories?post=2686"},{"taxonomy":"post_tag","embeddable":true,"href":"https:\/\/www.mek-law.de\/en\/wp-json\/wp\/v2\/tags?post=2686"}],"curies":[{"name":"wp","href":"https:\/\/api.w.org\/{rel}","templated":true}]}}