{"id":2696,"date":"2021-03-22T11:52:08","date_gmt":"2021-03-22T10:52:08","guid":{"rendered":"https:\/\/www.mek-law.de\/2021\/03\/22\/wirksamkeit-einer-honorarvereinbarung-bei-stufenweiser-beauftragung-copy\/"},"modified":"2021-03-22T11:52:38","modified_gmt":"2021-03-22T10:52:38","slug":"verjaehrung-auch-bei-kuendigung-erst-ab-abnahme","status":"publish","type":"post","link":"https:\/\/www.mek-law.de\/en\/2021\/03\/22\/verjaehrung-auch-bei-kuendigung-erst-ab-abnahme\/","title":{"rendered":"Verj\u00e4hrung auch bei K\u00fcndigung erst ab Abnahme!"},"content":{"rendered":"<p><b>BGH, Beschluss vom 10.03.2009 \u2013 VII ZR 164\/06 \u2013<\/p>\n<p>Entscheidung<\/b><br \/>Der Architekt war mit der Planung und \u00dcberwachung einer Altbausanierung beauftragt. Der Vertrag wurde w\u00e4hrend der Phase der Bau\u00fcberwachung vom Architekten au\u00dferordentlich gek\u00fcndigt. Der Bauherr macht gegen\u00fcber dem Architekten einen Anspruch auf Schadensersatz wegen mangelhafter Bau\u00fcberwachung geltend. Der Architekt wendet die Verj\u00e4hrung von M\u00e4ngelanspr\u00fcchen des Bauherrn ein. <\/p>\n<p>Das OLG Rostock hatte der Schadensersatzklage des Bauherrn stattgegeben und festgestellt, dass die Verj\u00e4hrung nicht eingetreten ist. Zwar k\u00f6nne die Verj\u00e4hrung auch mit K\u00fcndigung eines Werkvertrages durch den Auftraggeber in Gang gesetzt werden, da in der K\u00fcndigung eine endg\u00fcltige Abnahmeverweigerung zu sehen sei.&nbsp; Ausdr\u00fccklich offen gelassen hatte das OLG jedoch dabei, ob der Lauf der Verj\u00e4hrung auch durch eine K\u00fcndigung des Auftragnehmers \u2013 hier des Architekten \u2013 in Gang gesetzt werden kann.&nbsp; <\/p>\n<p>Dies wird vom BGH in seinem Beschluss, mit dem die Nichtzulassungsbeschwerde des Architekten zur\u00fcckgewiesen wurde, jedoch eindeutig verneint. Nach der K\u00fcndigung eines Architektenvertrages beginnt der Lauf der f\u00fcnfj\u00e4hrigen Frist f\u00fcr M\u00e4ngelanspr\u00fcche, so der BGH, grunds\u00e4tzlich erst mit der Abnahme oder mit einer endg\u00fcltigen Abnahmeverweigerung. Die K\u00fcndigung selbst sei jedoch keine endg\u00fcltige Abnahmeverweigerung. <\/p>\n<p><b>Praxishinweis<\/b><br \/>Auch bei K\u00fcndigung eines Architekten- oder Ingenieurvertrages ist f\u00fcr jeden Einzelfall zu kl\u00e4ren, ob die Abnahmewirkungen eingetreten sind und damit die Verj\u00e4hrung f\u00fcr M\u00e4ngelanspr\u00fcche in Gang gesetzt wurde. Die K\u00fcndigung des Auftraggebers stellt weder eine konkludente Abnahme, noch automatisch eine endg\u00fcltige Abnahmeverweigerung dar. <\/p>\n<p>Vielmehr ist eine eindeutige Erkl\u00e4rung des Auftraggebers im Hinblick darauf, ob er das bis zur K\u00fcndigung erbrachte Werk als im Wesentlichen vertragsgerecht&nbsp; anerkennt oder nicht, erforderlich. Die K\u00fcndigung des Architekten\/Ingenieurs hingegen kann bereits deshalb nicht die Abnahmewirkungen eintreten lassen, weil ausschlie\u00dflich der Auftraggeber \u00fcber die Abnahme entscheiden kann.<\/p>\n","protected":false},"excerpt":{"rendered":"<p>BGH, Beschluss vom 10.03.2009 \u2013 VII ZR 164\/06 \u2013 EntscheidungDer [&hellip;]<\/p>\n","protected":false},"author":1,"featured_media":0,"comment_status":"open","ping_status":"open","sticky":false,"template":"","format":"standard","meta":{"footnotes":""},"categories":[1],"tags":[3],"class_list":["post-2696","post","type-post","status-publish","format-standard","hentry","category-allgemein","tag-old-blogposts"],"yoast_head":"<!-- This site is optimized with the Yoast SEO plugin v27.2 - https:\/\/yoast.com\/product\/yoast-seo-wordpress\/ -->\n<title>Verj\u00e4hrung auch bei K\u00fcndigung erst ab Abnahme!<\/title>\n<meta name=\"robots\" content=\"index, follow, max-snippet:-1, max-image-preview:large, max-video-preview:-1\" \/>\n<link rel=\"canonical\" href=\"https:\/\/www.mek-law.de\/en\/2021\/03\/22\/verjaehrung-auch-bei-kuendigung-erst-ab-abnahme\/\" \/>\n<meta property=\"og:locale\" content=\"en_US\" \/>\n<meta property=\"og:locale:alternate\" content=\"de_DE\" \/>\n<meta property=\"og:type\" content=\"article\" \/>\n<meta property=\"og:title\" content=\"Verj\u00e4hrung auch bei K\u00fcndigung erst ab Abnahme!\" \/>\n<meta property=\"og:description\" content=\"BGH, Beschluss vom 10.03.2009 \u2013 VII ZR 164\/06 \u2013 EntscheidungDer [&hellip;]\" \/>\n<meta property=\"og:url\" content=\"https:\/\/www.mek-law.de\/en\/2021\/03\/22\/verjaehrung-auch-bei-kuendigung-erst-ab-abnahme\/\" \/>\n<meta property=\"og:site_name\" content=\"MEK | Rechtsanwaltsgesellschaft mbH in Munich &amp; Frankfurt\" \/>\n<meta property=\"article:published_time\" content=\"2021-03-22T10:52:08+00:00\" \/>\n<meta property=\"article:modified_time\" content=\"2021-03-22T10:52:38+00:00\" \/>\n<meta name=\"author\" content=\"admin\" \/>\n<meta name=\"twitter:card\" content=\"summary_large_image\" \/>\n<meta name=\"twitter:label1\" content=\"Written by\" \/>\n\t<meta name=\"twitter:data1\" content=\"admin\" \/>\n\t<meta name=\"twitter:label2\" content=\"Est. reading time\" \/>\n\t<meta name=\"twitter:data2\" content=\"2 minutes\" \/>\n<script type=\"application\/ld+json\" class=\"yoast-schema-graph\">{\"@context\":\"https:\/\/schema.org\",\"@graph\":[{\"@type\":\"Article\",\"@id\":\"https:\/\/www.mek-law.de\/2021\/03\/22\/verjaehrung-auch-bei-kuendigung-erst-ab-abnahme\/#article\",\"isPartOf\":{\"@id\":\"https:\/\/www.mek-law.de\/2021\/03\/22\/verjaehrung-auch-bei-kuendigung-erst-ab-abnahme\/\"},\"author\":{\"name\":\"admin\",\"@id\":\"https:\/\/www.mek-law.de\/#\/schema\/person\/c2f3213aa109e57ec6e3ee55b0fc0fe2\"},\"headline\":\"Verj\u00e4hrung auch bei K\u00fcndigung erst ab Abnahme!\",\"datePublished\":\"2021-03-22T10:52:08+00:00\",\"dateModified\":\"2021-03-22T10:52:38+00:00\",\"mainEntityOfPage\":{\"@id\":\"https:\/\/www.mek-law.de\/2021\/03\/22\/verjaehrung-auch-bei-kuendigung-erst-ab-abnahme\/\"},\"wordCount\":324,\"commentCount\":0,\"keywords\":[\"Old blogposts\"],\"articleSection\":[\"Allgemein\"],\"inLanguage\":\"en-US\",\"potentialAction\":[{\"@type\":\"CommentAction\",\"name\":\"Comment\",\"target\":[\"https:\/\/www.mek-law.de\/2021\/03\/22\/verjaehrung-auch-bei-kuendigung-erst-ab-abnahme\/#respond\"]}]},{\"@type\":\"WebPage\",\"@id\":\"https:\/\/www.mek-law.de\/2021\/03\/22\/verjaehrung-auch-bei-kuendigung-erst-ab-abnahme\/\",\"url\":\"https:\/\/www.mek-law.de\/2021\/03\/22\/verjaehrung-auch-bei-kuendigung-erst-ab-abnahme\/\",\"name\":\"Verj\u00e4hrung auch bei K\u00fcndigung erst ab Abnahme!\",\"isPartOf\":{\"@id\":\"https:\/\/www.mek-law.de\/#website\"},\"datePublished\":\"2021-03-22T10:52:08+00:00\",\"dateModified\":\"2021-03-22T10:52:38+00:00\",\"author\":{\"@id\":\"https:\/\/www.mek-law.de\/#\/schema\/person\/c2f3213aa109e57ec6e3ee55b0fc0fe2\"},\"breadcrumb\":{\"@id\":\"https:\/\/www.mek-law.de\/2021\/03\/22\/verjaehrung-auch-bei-kuendigung-erst-ab-abnahme\/#breadcrumb\"},\"inLanguage\":\"en-US\",\"potentialAction\":[{\"@type\":\"ReadAction\",\"target\":[\"https:\/\/www.mek-law.de\/2021\/03\/22\/verjaehrung-auch-bei-kuendigung-erst-ab-abnahme\/\"]}]},{\"@type\":\"BreadcrumbList\",\"@id\":\"https:\/\/www.mek-law.de\/2021\/03\/22\/verjaehrung-auch-bei-kuendigung-erst-ab-abnahme\/#breadcrumb\",\"itemListElement\":[{\"@type\":\"ListItem\",\"position\":1,\"name\":\"Startseite\",\"item\":\"https:\/\/www.mek-law.de\/\"},{\"@type\":\"ListItem\",\"position\":2,\"name\":\"Verj\u00e4hrung auch bei K\u00fcndigung erst ab Abnahme!\"}]},{\"@type\":\"WebSite\",\"@id\":\"https:\/\/www.mek-law.de\/#website\",\"url\":\"https:\/\/www.mek-law.de\/\",\"name\":\"MEK | Rechtsanwaltsgesellschaft mbH in Munich & Frankfurt\",\"description\":\"\",\"potentialAction\":[{\"@type\":\"SearchAction\",\"target\":{\"@type\":\"EntryPoint\",\"urlTemplate\":\"https:\/\/www.mek-law.de\/?s={search_term_string}\"},\"query-input\":{\"@type\":\"PropertyValueSpecification\",\"valueRequired\":true,\"valueName\":\"search_term_string\"}}],\"inLanguage\":\"en-US\"},{\"@type\":\"Person\",\"@id\":\"https:\/\/www.mek-law.de\/#\/schema\/person\/c2f3213aa109e57ec6e3ee55b0fc0fe2\",\"name\":\"admin\",\"image\":{\"@type\":\"ImageObject\",\"inLanguage\":\"en-US\",\"@id\":\"https:\/\/secure.gravatar.com\/avatar\/c0d9b27c4c44f6a9cc7ee909fbd898cfd6b313730ed70eda93b3fc150e7bf906?s=96&d=mm&r=g\",\"url\":\"https:\/\/secure.gravatar.com\/avatar\/c0d9b27c4c44f6a9cc7ee909fbd898cfd6b313730ed70eda93b3fc150e7bf906?s=96&d=mm&r=g\",\"contentUrl\":\"https:\/\/secure.gravatar.com\/avatar\/c0d9b27c4c44f6a9cc7ee909fbd898cfd6b313730ed70eda93b3fc150e7bf906?s=96&d=mm&r=g\",\"caption\":\"admin\"},\"sameAs\":[\"https:\/\/www.mek-law.de\"],\"url\":\"https:\/\/www.mek-law.de\/en\/author\/admin\/\"}]}<\/script>\n<!-- \/ Yoast SEO plugin. -->","yoast_head_json":{"title":"Verj\u00e4hrung auch bei K\u00fcndigung erst ab Abnahme!","robots":{"index":"index","follow":"follow","max-snippet":"max-snippet:-1","max-image-preview":"max-image-preview:large","max-video-preview":"max-video-preview:-1"},"canonical":"https:\/\/www.mek-law.de\/en\/2021\/03\/22\/verjaehrung-auch-bei-kuendigung-erst-ab-abnahme\/","og_locale":"en_US","og_type":"article","og_title":"[:de]Verj\u00e4hrung auch bei K\u00fcndigung erst ab Abnahme![:] - MEK | Rechtsanwaltsgesellschaft mbH in Munich & Frankfurt","og_description":"BGH, Beschluss vom 10.03.2009 \u2013 VII ZR 164\/06 \u2013 EntscheidungDer [&hellip;]","og_url":"https:\/\/www.mek-law.de\/en\/2021\/03\/22\/verjaehrung-auch-bei-kuendigung-erst-ab-abnahme\/","og_site_name":"MEK | Rechtsanwaltsgesellschaft mbH in Munich & Frankfurt","article_published_time":"2021-03-22T10:52:08+00:00","article_modified_time":"2021-03-22T10:52:38+00:00","author":"admin","twitter_card":"summary_large_image","twitter_misc":{"Written by":"admin","Est. reading time":"2 minutes"},"schema":{"@context":"https:\/\/schema.org","@graph":[{"@type":"Article","@id":"https:\/\/www.mek-law.de\/2021\/03\/22\/verjaehrung-auch-bei-kuendigung-erst-ab-abnahme\/#article","isPartOf":{"@id":"https:\/\/www.mek-law.de\/2021\/03\/22\/verjaehrung-auch-bei-kuendigung-erst-ab-abnahme\/"},"author":{"name":"admin","@id":"https:\/\/www.mek-law.de\/#\/schema\/person\/c2f3213aa109e57ec6e3ee55b0fc0fe2"},"headline":"Verj\u00e4hrung auch bei K\u00fcndigung erst ab Abnahme!","datePublished":"2021-03-22T10:52:08+00:00","dateModified":"2021-03-22T10:52:38+00:00","mainEntityOfPage":{"@id":"https:\/\/www.mek-law.de\/2021\/03\/22\/verjaehrung-auch-bei-kuendigung-erst-ab-abnahme\/"},"wordCount":324,"commentCount":0,"keywords":["Old blogposts"],"articleSection":["Allgemein"],"inLanguage":"en-US","potentialAction":[{"@type":"CommentAction","name":"Comment","target":["https:\/\/www.mek-law.de\/2021\/03\/22\/verjaehrung-auch-bei-kuendigung-erst-ab-abnahme\/#respond"]}]},{"@type":"WebPage","@id":"https:\/\/www.mek-law.de\/2021\/03\/22\/verjaehrung-auch-bei-kuendigung-erst-ab-abnahme\/","url":"https:\/\/www.mek-law.de\/2021\/03\/22\/verjaehrung-auch-bei-kuendigung-erst-ab-abnahme\/","name":"Verj\u00e4hrung auch bei K\u00fcndigung erst ab Abnahme!","isPartOf":{"@id":"https:\/\/www.mek-law.de\/#website"},"datePublished":"2021-03-22T10:52:08+00:00","dateModified":"2021-03-22T10:52:38+00:00","author":{"@id":"https:\/\/www.mek-law.de\/#\/schema\/person\/c2f3213aa109e57ec6e3ee55b0fc0fe2"},"breadcrumb":{"@id":"https:\/\/www.mek-law.de\/2021\/03\/22\/verjaehrung-auch-bei-kuendigung-erst-ab-abnahme\/#breadcrumb"},"inLanguage":"en-US","potentialAction":[{"@type":"ReadAction","target":["https:\/\/www.mek-law.de\/2021\/03\/22\/verjaehrung-auch-bei-kuendigung-erst-ab-abnahme\/"]}]},{"@type":"BreadcrumbList","@id":"https:\/\/www.mek-law.de\/2021\/03\/22\/verjaehrung-auch-bei-kuendigung-erst-ab-abnahme\/#breadcrumb","itemListElement":[{"@type":"ListItem","position":1,"name":"Startseite","item":"https:\/\/www.mek-law.de\/"},{"@type":"ListItem","position":2,"name":"Verj\u00e4hrung auch bei K\u00fcndigung erst ab Abnahme!"}]},{"@type":"WebSite","@id":"https:\/\/www.mek-law.de\/#website","url":"https:\/\/www.mek-law.de\/","name":"MEK | Rechtsanwaltsgesellschaft mbH in Munich & Frankfurt","description":"","potentialAction":[{"@type":"SearchAction","target":{"@type":"EntryPoint","urlTemplate":"https:\/\/www.mek-law.de\/?s={search_term_string}"},"query-input":{"@type":"PropertyValueSpecification","valueRequired":true,"valueName":"search_term_string"}}],"inLanguage":"en-US"},{"@type":"Person","@id":"https:\/\/www.mek-law.de\/#\/schema\/person\/c2f3213aa109e57ec6e3ee55b0fc0fe2","name":"admin","image":{"@type":"ImageObject","inLanguage":"en-US","@id":"https:\/\/secure.gravatar.com\/avatar\/c0d9b27c4c44f6a9cc7ee909fbd898cfd6b313730ed70eda93b3fc150e7bf906?s=96&d=mm&r=g","url":"https:\/\/secure.gravatar.com\/avatar\/c0d9b27c4c44f6a9cc7ee909fbd898cfd6b313730ed70eda93b3fc150e7bf906?s=96&d=mm&r=g","contentUrl":"https:\/\/secure.gravatar.com\/avatar\/c0d9b27c4c44f6a9cc7ee909fbd898cfd6b313730ed70eda93b3fc150e7bf906?s=96&d=mm&r=g","caption":"admin"},"sameAs":["https:\/\/www.mek-law.de"],"url":"https:\/\/www.mek-law.de\/en\/author\/admin\/"}]}},"_links":{"self":[{"href":"https:\/\/www.mek-law.de\/en\/wp-json\/wp\/v2\/posts\/2696","targetHints":{"allow":["GET"]}}],"collection":[{"href":"https:\/\/www.mek-law.de\/en\/wp-json\/wp\/v2\/posts"}],"about":[{"href":"https:\/\/www.mek-law.de\/en\/wp-json\/wp\/v2\/types\/post"}],"author":[{"embeddable":true,"href":"https:\/\/www.mek-law.de\/en\/wp-json\/wp\/v2\/users\/1"}],"replies":[{"embeddable":true,"href":"https:\/\/www.mek-law.de\/en\/wp-json\/wp\/v2\/comments?post=2696"}],"version-history":[{"count":0,"href":"https:\/\/www.mek-law.de\/en\/wp-json\/wp\/v2\/posts\/2696\/revisions"}],"wp:attachment":[{"href":"https:\/\/www.mek-law.de\/en\/wp-json\/wp\/v2\/media?parent=2696"}],"wp:term":[{"taxonomy":"category","embeddable":true,"href":"https:\/\/www.mek-law.de\/en\/wp-json\/wp\/v2\/categories?post=2696"},{"taxonomy":"post_tag","embeddable":true,"href":"https:\/\/www.mek-law.de\/en\/wp-json\/wp\/v2\/tags?post=2696"}],"curies":[{"name":"wp","href":"https:\/\/api.w.org\/{rel}","templated":true}]}}