{"id":2790,"date":"2021-03-22T13:04:28","date_gmt":"2021-03-22T12:04:28","guid":{"rendered":"https:\/\/www.mek-law.de\/2021\/03\/22\/buergschaft-ausschluss-von-%c2%a7-768-bgb-fuehrt-zur-unwirksamkeit-der-sicherungsabrede-abgrenzung-zu-bgh-urteil-vom-12-02-2009-vii-zr-39-08-copy\/"},"modified":"2021-03-22T13:04:56","modified_gmt":"2021-03-22T12:04:56","slug":"buergschaft-verjaehrungshemmung-des-hauptanspruchs-durch-verhandeln-wirkt-auch-gegenueber-buergen","status":"publish","type":"post","link":"https:\/\/www.mek-law.de\/en\/2021\/03\/22\/buergschaft-verjaehrungshemmung-des-hauptanspruchs-durch-verhandeln-wirkt-auch-gegenueber-buergen\/","title":{"rendered":"B\u00fcrgschaft: Verj\u00e4hrungshemmung des Hauptanspruchs durch Verhandeln wirkt auch gegen\u00fcber B\u00fcrgen"},"content":{"rendered":"<p><b>BGH, Urteil vom 14.07.2009 \u2013 XI ZR 18\/08 \u2013 ver\u00f6ffentlicht in IBR 2009, 582<\/p>\n<p>Entscheidung<\/b><br \/>Ein Kreditinstitut gew\u00e4hrte einem Investor zwei Kredite zur Finanzierung eines Bauvorhabens. Zur Sicherung der Forderungen des Kreditinstituts \u00fcbernahmen der Gesch\u00e4ftsf\u00fchrer und der Mehrheitsgesellschafter des Investors B\u00fcrgschaften gegen\u00fcber dem Kreditinstitut. Die Kredite wurden am 30.10.2002 zur R\u00fcckzahlung f\u00e4llig. Das Kreditinstitut f\u00fchrte im Zeitraum November 2002 bis Ende Oktober 2003 Schriftwechsel mit dem Investor \u00fcber die R\u00fcckzahlung der Kredite. Nachdem der Investor insolvent geworden war, nahm das Kreditinstitut die B\u00fcrgen in Anspruch und erhob am 10.11.2005 Zahlungsklage gegen diese. Der Investor wurde am 13.04.2006 wegen Verm\u00f6genslosigkeit im Handelsregister gel\u00f6scht. Die B\u00fcrgen wandten die Verj\u00e4hrung der gesicherten Hauptschuld ein.<\/p>\n<p>Der BGH hat in letzter Instanz eine Verj\u00e4hrung der Hauptschuld verneint. Die dreij\u00e4hrige Verj\u00e4hrungsfrist gem\u00e4\u00df \u00a7&nbsp;195 BGB f\u00fcr die Hauptforderung habe am 01.01.2003 zu laufen begonnen (\u00a7&nbsp;199 Abs. 1 BGB) und w\u00e4re am 31.12.2005 abgelaufen, wenn sie nicht vorher gehemmt worden w\u00e4re. Eine Hemmung der Verj\u00e4hrung der Hauptforderung gem\u00e4\u00df \u00a7&nbsp;204 Abs. 1 Nr. 1 BGB sei nicht am 10.11.2005 durch Erhebung der B\u00fcrgschaftsklage eingetreten, weil die Erhebung einer B\u00fcrgschaftsklage nur dann ausnahmsweise die Verj\u00e4hrung der Hauptschuld hemme, wenn der Hauptschuldner vorher \u2013 etwa wegen L\u00f6schung im Handelsregister infolge Verm\u00f6genslosigkeit \u2013 als Rechtsperson untergegangen sei. Dies sei hier jedoch erst am 13.04.2006 geschehen. Die Verj\u00e4hrung der Hauptforderung sei allerdings durch Verhandlungen zwischen dem Kreditgl\u00e4ubiger und dem Hauptschuldner (Investor) gem\u00e4\u00df \u00a7&nbsp;203 Satz 1 BGB \u00fcber den 31.12.2005 und den 13.04.2006 hinaus gehemmt worden, so dass die B\u00fcrgschaftsklage mit L\u00f6schung des Hauptschuldners aus dem Handelsregister am 13.04.2006 Hemmungswirkung entfalten konnte. Der Begriff \u201eVerhandlungen\u201c im Sinne des \u00a7&nbsp;203 Satz 1 BGB sei weit auszulegen. Es gen\u00fcge jeder ernsthafte Meinungsaustausch \u00fcber den Anspruch oder seine tats\u00e4chlichen Grundlagen, sofern der Schuldner dies nicht sofort und erkennbar ablehne. Die Hemmung der Verj\u00e4hrung der Hauptschuld nach \u00a7&nbsp;203 Satz 1 BGB sei auch gegen\u00fcber dem B\u00fcrgen wirksam.<\/p>\n<p><b>Praxishinweis<\/b><br \/>Der BGH hat mit diesem Urteil ausdr\u00fccklich best\u00e4tigt, dass eine durch Verhandlungen zwischen dem Gl\u00e4ubiger und dem Hauptschuldner eintretende Hemmung der Verj\u00e4hrung der Hauptforderung auch gegen\u00fcber dem B\u00fcrgen wirkt und dieser sich insoweit nicht auf eine Verj\u00e4hrung der Hauptschuld berufen kann.<\/p>\n","protected":false},"excerpt":{"rendered":"<p>BGH, Urteil vom 14.07.2009 \u2013 XI ZR 18\/08 \u2013 ver\u00f6ffentlicht [&hellip;]<\/p>\n","protected":false},"author":1,"featured_media":0,"comment_status":"open","ping_status":"open","sticky":false,"template":"","format":"standard","meta":{"footnotes":""},"categories":[1],"tags":[3],"class_list":["post-2790","post","type-post","status-publish","format-standard","hentry","category-allgemein","tag-old-blogposts"],"yoast_head":"<!-- This site is optimized with the Yoast SEO plugin v27.2 - https:\/\/yoast.com\/product\/yoast-seo-wordpress\/ -->\n<title>B\u00fcrgschaft: Verj\u00e4hrungshemmung des Hauptanspruchs durch Verhandeln wirkt auch gegen\u00fcber B\u00fcrgen<\/title>\n<meta name=\"robots\" content=\"index, follow, max-snippet:-1, max-image-preview:large, max-video-preview:-1\" \/>\n<link rel=\"canonical\" href=\"https:\/\/www.mek-law.de\/en\/2021\/03\/22\/buergschaft-verjaehrungshemmung-des-hauptanspruchs-durch-verhandeln-wirkt-auch-gegenueber-buergen\/\" \/>\n<meta property=\"og:locale\" content=\"en_US\" \/>\n<meta property=\"og:locale:alternate\" content=\"de_DE\" \/>\n<meta property=\"og:type\" content=\"article\" \/>\n<meta property=\"og:title\" content=\"B\u00fcrgschaft: Verj\u00e4hrungshemmung des Hauptanspruchs durch Verhandeln wirkt auch gegen\u00fcber B\u00fcrgen\" \/>\n<meta property=\"og:description\" content=\"BGH, Urteil vom 14.07.2009 \u2013 XI ZR 18\/08 \u2013 ver\u00f6ffentlicht [&hellip;]\" \/>\n<meta property=\"og:url\" content=\"https:\/\/www.mek-law.de\/en\/2021\/03\/22\/buergschaft-verjaehrungshemmung-des-hauptanspruchs-durch-verhandeln-wirkt-auch-gegenueber-buergen\/\" \/>\n<meta property=\"og:site_name\" content=\"MEK | Rechtsanwaltsgesellschaft mbH in Munich &amp; Frankfurt\" \/>\n<meta property=\"article:published_time\" content=\"2021-03-22T12:04:28+00:00\" \/>\n<meta property=\"article:modified_time\" content=\"2021-03-22T12:04:56+00:00\" \/>\n<meta name=\"author\" content=\"admin\" \/>\n<meta name=\"twitter:card\" content=\"summary_large_image\" \/>\n<meta name=\"twitter:label1\" content=\"Written by\" \/>\n\t<meta name=\"twitter:data1\" content=\"admin\" \/>\n\t<meta name=\"twitter:label2\" content=\"Est. reading time\" \/>\n\t<meta name=\"twitter:data2\" content=\"2 minutes\" \/>\n<script type=\"application\/ld+json\" class=\"yoast-schema-graph\">{\"@context\":\"https:\/\/schema.org\",\"@graph\":[{\"@type\":\"Article\",\"@id\":\"https:\/\/www.mek-law.de\/2021\/03\/22\/buergschaft-verjaehrungshemmung-des-hauptanspruchs-durch-verhandeln-wirkt-auch-gegenueber-buergen\/#article\",\"isPartOf\":{\"@id\":\"https:\/\/www.mek-law.de\/2021\/03\/22\/buergschaft-verjaehrungshemmung-des-hauptanspruchs-durch-verhandeln-wirkt-auch-gegenueber-buergen\/\"},\"author\":{\"name\":\"admin\",\"@id\":\"https:\/\/www.mek-law.de\/#\/schema\/person\/c2f3213aa109e57ec6e3ee55b0fc0fe2\"},\"headline\":\"B\u00fcrgschaft: Verj\u00e4hrungshemmung des Hauptanspruchs durch Verhandeln wirkt auch gegen\u00fcber B\u00fcrgen\",\"datePublished\":\"2021-03-22T12:04:28+00:00\",\"dateModified\":\"2021-03-22T12:04:56+00:00\",\"mainEntityOfPage\":{\"@id\":\"https:\/\/www.mek-law.de\/2021\/03\/22\/buergschaft-verjaehrungshemmung-des-hauptanspruchs-durch-verhandeln-wirkt-auch-gegenueber-buergen\/\"},\"wordCount\":384,\"commentCount\":0,\"keywords\":[\"Old blogposts\"],\"articleSection\":[\"Allgemein\"],\"inLanguage\":\"en-US\",\"potentialAction\":[{\"@type\":\"CommentAction\",\"name\":\"Comment\",\"target\":[\"https:\/\/www.mek-law.de\/2021\/03\/22\/buergschaft-verjaehrungshemmung-des-hauptanspruchs-durch-verhandeln-wirkt-auch-gegenueber-buergen\/#respond\"]}]},{\"@type\":\"WebPage\",\"@id\":\"https:\/\/www.mek-law.de\/2021\/03\/22\/buergschaft-verjaehrungshemmung-des-hauptanspruchs-durch-verhandeln-wirkt-auch-gegenueber-buergen\/\",\"url\":\"https:\/\/www.mek-law.de\/2021\/03\/22\/buergschaft-verjaehrungshemmung-des-hauptanspruchs-durch-verhandeln-wirkt-auch-gegenueber-buergen\/\",\"name\":\"B\u00fcrgschaft: Verj\u00e4hrungshemmung des Hauptanspruchs durch Verhandeln wirkt auch gegen\u00fcber B\u00fcrgen\",\"isPartOf\":{\"@id\":\"https:\/\/www.mek-law.de\/#website\"},\"datePublished\":\"2021-03-22T12:04:28+00:00\",\"dateModified\":\"2021-03-22T12:04:56+00:00\",\"author\":{\"@id\":\"https:\/\/www.mek-law.de\/#\/schema\/person\/c2f3213aa109e57ec6e3ee55b0fc0fe2\"},\"breadcrumb\":{\"@id\":\"https:\/\/www.mek-law.de\/2021\/03\/22\/buergschaft-verjaehrungshemmung-des-hauptanspruchs-durch-verhandeln-wirkt-auch-gegenueber-buergen\/#breadcrumb\"},\"inLanguage\":\"en-US\",\"potentialAction\":[{\"@type\":\"ReadAction\",\"target\":[\"https:\/\/www.mek-law.de\/2021\/03\/22\/buergschaft-verjaehrungshemmung-des-hauptanspruchs-durch-verhandeln-wirkt-auch-gegenueber-buergen\/\"]}]},{\"@type\":\"BreadcrumbList\",\"@id\":\"https:\/\/www.mek-law.de\/2021\/03\/22\/buergschaft-verjaehrungshemmung-des-hauptanspruchs-durch-verhandeln-wirkt-auch-gegenueber-buergen\/#breadcrumb\",\"itemListElement\":[{\"@type\":\"ListItem\",\"position\":1,\"name\":\"Startseite\",\"item\":\"https:\/\/www.mek-law.de\/\"},{\"@type\":\"ListItem\",\"position\":2,\"name\":\"B\u00fcrgschaft: Verj\u00e4hrungshemmung des Hauptanspruchs durch Verhandeln wirkt auch gegen\u00fcber B\u00fcrgen\"}]},{\"@type\":\"WebSite\",\"@id\":\"https:\/\/www.mek-law.de\/#website\",\"url\":\"https:\/\/www.mek-law.de\/\",\"name\":\"MEK | Rechtsanwaltsgesellschaft mbH in Munich & Frankfurt\",\"description\":\"\",\"potentialAction\":[{\"@type\":\"SearchAction\",\"target\":{\"@type\":\"EntryPoint\",\"urlTemplate\":\"https:\/\/www.mek-law.de\/?s={search_term_string}\"},\"query-input\":{\"@type\":\"PropertyValueSpecification\",\"valueRequired\":true,\"valueName\":\"search_term_string\"}}],\"inLanguage\":\"en-US\"},{\"@type\":\"Person\",\"@id\":\"https:\/\/www.mek-law.de\/#\/schema\/person\/c2f3213aa109e57ec6e3ee55b0fc0fe2\",\"name\":\"admin\",\"image\":{\"@type\":\"ImageObject\",\"inLanguage\":\"en-US\",\"@id\":\"https:\/\/secure.gravatar.com\/avatar\/c0d9b27c4c44f6a9cc7ee909fbd898cfd6b313730ed70eda93b3fc150e7bf906?s=96&d=mm&r=g\",\"url\":\"https:\/\/secure.gravatar.com\/avatar\/c0d9b27c4c44f6a9cc7ee909fbd898cfd6b313730ed70eda93b3fc150e7bf906?s=96&d=mm&r=g\",\"contentUrl\":\"https:\/\/secure.gravatar.com\/avatar\/c0d9b27c4c44f6a9cc7ee909fbd898cfd6b313730ed70eda93b3fc150e7bf906?s=96&d=mm&r=g\",\"caption\":\"admin\"},\"sameAs\":[\"https:\/\/www.mek-law.de\"],\"url\":\"https:\/\/www.mek-law.de\/en\/author\/admin\/\"}]}<\/script>\n<!-- \/ Yoast SEO plugin. -->","yoast_head_json":{"title":"B\u00fcrgschaft: Verj\u00e4hrungshemmung des Hauptanspruchs durch Verhandeln wirkt auch gegen\u00fcber B\u00fcrgen","robots":{"index":"index","follow":"follow","max-snippet":"max-snippet:-1","max-image-preview":"max-image-preview:large","max-video-preview":"max-video-preview:-1"},"canonical":"https:\/\/www.mek-law.de\/en\/2021\/03\/22\/buergschaft-verjaehrungshemmung-des-hauptanspruchs-durch-verhandeln-wirkt-auch-gegenueber-buergen\/","og_locale":"en_US","og_type":"article","og_title":"[:de]B\u00fcrgschaft: Verj\u00e4hrungshemmung des Hauptanspruchs durch Verhandeln wirkt auch gegen\u00fcber B\u00fcrgen[:] - MEK | Rechtsanwaltsgesellschaft mbH in Munich & Frankfurt","og_description":"BGH, Urteil vom 14.07.2009 \u2013 XI ZR 18\/08 \u2013 ver\u00f6ffentlicht [&hellip;]","og_url":"https:\/\/www.mek-law.de\/en\/2021\/03\/22\/buergschaft-verjaehrungshemmung-des-hauptanspruchs-durch-verhandeln-wirkt-auch-gegenueber-buergen\/","og_site_name":"MEK | Rechtsanwaltsgesellschaft mbH in Munich & Frankfurt","article_published_time":"2021-03-22T12:04:28+00:00","article_modified_time":"2021-03-22T12:04:56+00:00","author":"admin","twitter_card":"summary_large_image","twitter_misc":{"Written by":"admin","Est. reading time":"2 minutes"},"schema":{"@context":"https:\/\/schema.org","@graph":[{"@type":"Article","@id":"https:\/\/www.mek-law.de\/2021\/03\/22\/buergschaft-verjaehrungshemmung-des-hauptanspruchs-durch-verhandeln-wirkt-auch-gegenueber-buergen\/#article","isPartOf":{"@id":"https:\/\/www.mek-law.de\/2021\/03\/22\/buergschaft-verjaehrungshemmung-des-hauptanspruchs-durch-verhandeln-wirkt-auch-gegenueber-buergen\/"},"author":{"name":"admin","@id":"https:\/\/www.mek-law.de\/#\/schema\/person\/c2f3213aa109e57ec6e3ee55b0fc0fe2"},"headline":"B\u00fcrgschaft: Verj\u00e4hrungshemmung des Hauptanspruchs durch Verhandeln wirkt auch gegen\u00fcber B\u00fcrgen","datePublished":"2021-03-22T12:04:28+00:00","dateModified":"2021-03-22T12:04:56+00:00","mainEntityOfPage":{"@id":"https:\/\/www.mek-law.de\/2021\/03\/22\/buergschaft-verjaehrungshemmung-des-hauptanspruchs-durch-verhandeln-wirkt-auch-gegenueber-buergen\/"},"wordCount":384,"commentCount":0,"keywords":["Old blogposts"],"articleSection":["Allgemein"],"inLanguage":"en-US","potentialAction":[{"@type":"CommentAction","name":"Comment","target":["https:\/\/www.mek-law.de\/2021\/03\/22\/buergschaft-verjaehrungshemmung-des-hauptanspruchs-durch-verhandeln-wirkt-auch-gegenueber-buergen\/#respond"]}]},{"@type":"WebPage","@id":"https:\/\/www.mek-law.de\/2021\/03\/22\/buergschaft-verjaehrungshemmung-des-hauptanspruchs-durch-verhandeln-wirkt-auch-gegenueber-buergen\/","url":"https:\/\/www.mek-law.de\/2021\/03\/22\/buergschaft-verjaehrungshemmung-des-hauptanspruchs-durch-verhandeln-wirkt-auch-gegenueber-buergen\/","name":"B\u00fcrgschaft: Verj\u00e4hrungshemmung des Hauptanspruchs durch Verhandeln wirkt auch gegen\u00fcber B\u00fcrgen","isPartOf":{"@id":"https:\/\/www.mek-law.de\/#website"},"datePublished":"2021-03-22T12:04:28+00:00","dateModified":"2021-03-22T12:04:56+00:00","author":{"@id":"https:\/\/www.mek-law.de\/#\/schema\/person\/c2f3213aa109e57ec6e3ee55b0fc0fe2"},"breadcrumb":{"@id":"https:\/\/www.mek-law.de\/2021\/03\/22\/buergschaft-verjaehrungshemmung-des-hauptanspruchs-durch-verhandeln-wirkt-auch-gegenueber-buergen\/#breadcrumb"},"inLanguage":"en-US","potentialAction":[{"@type":"ReadAction","target":["https:\/\/www.mek-law.de\/2021\/03\/22\/buergschaft-verjaehrungshemmung-des-hauptanspruchs-durch-verhandeln-wirkt-auch-gegenueber-buergen\/"]}]},{"@type":"BreadcrumbList","@id":"https:\/\/www.mek-law.de\/2021\/03\/22\/buergschaft-verjaehrungshemmung-des-hauptanspruchs-durch-verhandeln-wirkt-auch-gegenueber-buergen\/#breadcrumb","itemListElement":[{"@type":"ListItem","position":1,"name":"Startseite","item":"https:\/\/www.mek-law.de\/"},{"@type":"ListItem","position":2,"name":"B\u00fcrgschaft: Verj\u00e4hrungshemmung des Hauptanspruchs durch Verhandeln wirkt auch gegen\u00fcber B\u00fcrgen"}]},{"@type":"WebSite","@id":"https:\/\/www.mek-law.de\/#website","url":"https:\/\/www.mek-law.de\/","name":"MEK | Rechtsanwaltsgesellschaft mbH in Munich & Frankfurt","description":"","potentialAction":[{"@type":"SearchAction","target":{"@type":"EntryPoint","urlTemplate":"https:\/\/www.mek-law.de\/?s={search_term_string}"},"query-input":{"@type":"PropertyValueSpecification","valueRequired":true,"valueName":"search_term_string"}}],"inLanguage":"en-US"},{"@type":"Person","@id":"https:\/\/www.mek-law.de\/#\/schema\/person\/c2f3213aa109e57ec6e3ee55b0fc0fe2","name":"admin","image":{"@type":"ImageObject","inLanguage":"en-US","@id":"https:\/\/secure.gravatar.com\/avatar\/c0d9b27c4c44f6a9cc7ee909fbd898cfd6b313730ed70eda93b3fc150e7bf906?s=96&d=mm&r=g","url":"https:\/\/secure.gravatar.com\/avatar\/c0d9b27c4c44f6a9cc7ee909fbd898cfd6b313730ed70eda93b3fc150e7bf906?s=96&d=mm&r=g","contentUrl":"https:\/\/secure.gravatar.com\/avatar\/c0d9b27c4c44f6a9cc7ee909fbd898cfd6b313730ed70eda93b3fc150e7bf906?s=96&d=mm&r=g","caption":"admin"},"sameAs":["https:\/\/www.mek-law.de"],"url":"https:\/\/www.mek-law.de\/en\/author\/admin\/"}]}},"_links":{"self":[{"href":"https:\/\/www.mek-law.de\/en\/wp-json\/wp\/v2\/posts\/2790","targetHints":{"allow":["GET"]}}],"collection":[{"href":"https:\/\/www.mek-law.de\/en\/wp-json\/wp\/v2\/posts"}],"about":[{"href":"https:\/\/www.mek-law.de\/en\/wp-json\/wp\/v2\/types\/post"}],"author":[{"embeddable":true,"href":"https:\/\/www.mek-law.de\/en\/wp-json\/wp\/v2\/users\/1"}],"replies":[{"embeddable":true,"href":"https:\/\/www.mek-law.de\/en\/wp-json\/wp\/v2\/comments?post=2790"}],"version-history":[{"count":0,"href":"https:\/\/www.mek-law.de\/en\/wp-json\/wp\/v2\/posts\/2790\/revisions"}],"wp:attachment":[{"href":"https:\/\/www.mek-law.de\/en\/wp-json\/wp\/v2\/media?parent=2790"}],"wp:term":[{"taxonomy":"category","embeddable":true,"href":"https:\/\/www.mek-law.de\/en\/wp-json\/wp\/v2\/categories?post=2790"},{"taxonomy":"post_tag","embeddable":true,"href":"https:\/\/www.mek-law.de\/en\/wp-json\/wp\/v2\/tags?post=2790"}],"curies":[{"name":"wp","href":"https:\/\/api.w.org\/{rel}","templated":true}]}}