{"id":2834,"date":"2021-03-22T13:44:21","date_gmt":"2021-03-22T12:44:21","guid":{"rendered":"https:\/\/www.mek-law.de\/2021\/03\/22\/grundstuecksverkaeufe-ausschreibungsfrei-copy\/"},"modified":"2021-03-22T13:44:44","modified_gmt":"2021-03-22T12:44:44","slug":"verjaehrungsfrist-fuer-baumaengel-nur-zwei-jahre-obwohl-fuenfjaehrige-verjaehrungsfrist-im-vertrag-vereinbart","status":"publish","type":"post","link":"https:\/\/www.mek-law.de\/en\/2021\/03\/22\/verjaehrungsfrist-fuer-baumaengel-nur-zwei-jahre-obwohl-fuenfjaehrige-verjaehrungsfrist-im-vertrag-vereinbart\/","title":{"rendered":"Verj\u00e4hrungsfrist f\u00fcr Baum\u00e4ngel nur zwei Jahre, obwohl f\u00fcnfj\u00e4hrige Verj\u00e4hrungsfrist im Vertrag vereinbart"},"content":{"rendered":"<p><b>OLG M\u00fcnchen, Beschluss vom 23.02.2010 \u2013&nbsp;28 U 5512\/09 \u2013 ver\u00f6ffentlicht in IBR 2010, 266<\/p>\n<p>Entscheidung<br \/><\/b>Ein Generalunternehmer wird im Rahmen eines Schl\u00fcsselfertigbauvertrages vom AG mit der Erstellung eines Geb\u00e4udes beauftragt. Hinsichtlich der Gew\u00e4hrleistung\/M\u00e4ngelhaftung ist in dem Generalunternehmervertrag folgende Regelung enthalten:<\/p>\n<p>\u201eM\u00e4ngelanspr\u00fcche des AG gegen den AN richten sich \u2013 soweit nachstehend nichts anderes bestimmt ist \u2013 in Art und Umfang nach \u00a7&nbsp;13 VOB\/B 2002. (&#8230;) Die Verj\u00e4hrungsfrist f\u00fcr M\u00e4ngelanspr\u00fcche bei Ingenieurleistungen sowie Bauleistungen und allen sonstigen Leistungen betr\u00e4gt f\u00fcnf Jahre.\u201c<\/p>\n<p>Der GU wurde auch mit der Errichtung eines Aufzuges f\u00fcr das Geb\u00e4ude beauftragt. Nach Abschluss der Arbeiten unterbreitete der GU dem AG auch ein Angebot \u00fcber die Durchf\u00fchrung der Wartungsarbeiten f\u00fcr den Aufzug. Den entsprechenden Wartungsauftrag erteilte der AG jedoch nicht. Drei Jahre nach Abnahme der Bauleistungen traten M\u00e4ngel an dem Aufzug auf. Der GU verweigerte die M\u00e4ngelbeseitigung und vertrat die Auffassung, etwaige Gew\u00e4hrleistungs-\/M\u00e4ngelhaftungsanspr\u00fcche des AG seien bereits verj\u00e4hrt. Die daraufhin erhobene Klage des AG gegen den GU wies sowohl das Landgericht M\u00fcnchen&nbsp;I als auch das Oberlandesgericht M\u00fcnchen ab. Vorliegend, so das OLG M\u00fcnchen, betrage die Verj\u00e4hrungsfrist f\u00fcr den Aufzug gem\u00e4\u00df \u00a7&nbsp;13 Nr.&nbsp;4 Abs.&nbsp;2 VOB\/B nur zwei Jahre, da der Aufzug unstreitig wartungsbed\u00fcrftig und der GU nicht mit der Wartung beauftragt worden sei. Nach Auffassung des OLG M\u00fcnchen sei die in \u00a7&nbsp;13 Nr.&nbsp;4 Abs.&nbsp;2 VOB\/B enthaltene Regelung auch durch die Vereinbarung der f\u00fcnfj\u00e4hrigen Gew\u00e4hrleistungs-\/M\u00e4ngelhaftungs-frist nicht abbedungen worden.<\/p>\n<p><b>Praxishinweis<\/b><br \/>Sinn und Zweck der Regelung des \u00a7&nbsp;13 Nr.&nbsp;4 Abs.&nbsp;2 VOB\/B 2002 ist, das Gew\u00e4hrleistungs- und Mangelhaftungsrisiko bei wartungsbed\u00fcrftigen Anlagen f\u00fcr den AN beherrschbar zu machen. Die Wartung hat Einfluss auf die Funktionstauglichkeit. Dieser Regelungszweck greift nach Auffassung des OLG M\u00fcnchen auch bei vereinbarten l\u00e4ngeren Verj\u00e4hrungsfristen, zumal \u00a7&nbsp;13 Nr.&nbsp;4 VOB\/B selbst unterschiedliche Verj\u00e4hrungsfristen enth\u00e4lt. Dies gilt umso mehr, als der GU im vorliegenden Fall dem AG gem\u00e4\u00df den vertraglichen Regelungen ein Wartungsangebot zu unterbreiten hatte. Das vorliegende Urteil zeigt ganz deutlich, dass bei der Gestaltung und Ausformulierung von Vertr\u00e4gen mit besonderer Sorgfalt gearbeitet werden muss. Der AG h\u00e4tte sich im vorliegenden Fall nur dann auf die genannte f\u00fcnfj\u00e4hrige Gew\u00e4hrleistungsfrist berufen k\u00f6nnen, wenn im Vertrag die Regelung des \u00a7&nbsp;13 Nr.&nbsp;4 Abs.&nbsp;2 VOB\/B 2002 ausdr\u00fccklich ausgeschlossen worden w\u00e4re. Die vorliegende Problematik hat den Verordnungsgeber auch zu einer Klarstellung veranlasst. In der aktuellen Fassung der VOB\/B befindet sich auch eine ausdr\u00fcckliche Regelung, wonach die k\u00fcrzeren Verj\u00e4hrungsfristen des \u00a7&nbsp;13 Nr.&nbsp;4 (bzw. nunmehr \u00a7&nbsp;13 Abs.&nbsp;4) VOB\/B auch dann Anwendung finden, wenn eine l\u00e4ngere Verj\u00e4hrungsfrist als die Regelfrist vereinbart ist.<\/p>\n","protected":false},"excerpt":{"rendered":"<p>OLG M\u00fcnchen, Beschluss vom 23.02.2010 \u2013&nbsp;28 U 5512\/09 \u2013 ver\u00f6ffentlicht [&hellip;]<\/p>\n","protected":false},"author":1,"featured_media":0,"comment_status":"open","ping_status":"open","sticky":false,"template":"","format":"standard","meta":{"footnotes":""},"categories":[1],"tags":[3],"class_list":["post-2834","post","type-post","status-publish","format-standard","hentry","category-allgemein","tag-old-blogposts"],"yoast_head":"<!-- This site is optimized with the Yoast SEO plugin v27.2 - https:\/\/yoast.com\/product\/yoast-seo-wordpress\/ -->\n<title>Verj\u00e4hrungsfrist f\u00fcr Baum\u00e4ngel nur zwei Jahre, obwohl f\u00fcnfj\u00e4hrige Verj\u00e4hrungsfrist im Vertrag vereinbart<\/title>\n<meta name=\"robots\" content=\"index, follow, max-snippet:-1, max-image-preview:large, max-video-preview:-1\" \/>\n<link rel=\"canonical\" href=\"https:\/\/www.mek-law.de\/en\/2021\/03\/22\/verjaehrungsfrist-fuer-baumaengel-nur-zwei-jahre-obwohl-fuenfjaehrige-verjaehrungsfrist-im-vertrag-vereinbart\/\" \/>\n<meta property=\"og:locale\" content=\"en_US\" \/>\n<meta property=\"og:locale:alternate\" content=\"de_DE\" \/>\n<meta property=\"og:type\" content=\"article\" \/>\n<meta property=\"og:title\" content=\"Verj\u00e4hrungsfrist f\u00fcr Baum\u00e4ngel nur zwei Jahre, obwohl f\u00fcnfj\u00e4hrige Verj\u00e4hrungsfrist im Vertrag vereinbart\" \/>\n<meta property=\"og:description\" content=\"OLG M\u00fcnchen, Beschluss vom 23.02.2010 \u2013&nbsp;28 U 5512\/09 \u2013 ver\u00f6ffentlicht [&hellip;]\" \/>\n<meta property=\"og:url\" content=\"https:\/\/www.mek-law.de\/en\/2021\/03\/22\/verjaehrungsfrist-fuer-baumaengel-nur-zwei-jahre-obwohl-fuenfjaehrige-verjaehrungsfrist-im-vertrag-vereinbart\/\" \/>\n<meta property=\"og:site_name\" content=\"MEK | Rechtsanwaltsgesellschaft mbH in Munich &amp; Frankfurt\" \/>\n<meta property=\"article:published_time\" content=\"2021-03-22T12:44:21+00:00\" \/>\n<meta property=\"article:modified_time\" content=\"2021-03-22T12:44:44+00:00\" \/>\n<meta name=\"author\" content=\"admin\" \/>\n<meta name=\"twitter:card\" content=\"summary_large_image\" \/>\n<meta name=\"twitter:label1\" content=\"Written by\" \/>\n\t<meta name=\"twitter:data1\" content=\"admin\" \/>\n\t<meta name=\"twitter:label2\" content=\"Est. reading time\" \/>\n\t<meta name=\"twitter:data2\" content=\"2 minutes\" \/>\n<script type=\"application\/ld+json\" class=\"yoast-schema-graph\">{\"@context\":\"https:\/\/schema.org\",\"@graph\":[{\"@type\":\"Article\",\"@id\":\"https:\/\/www.mek-law.de\/2021\/03\/22\/verjaehrungsfrist-fuer-baumaengel-nur-zwei-jahre-obwohl-fuenfjaehrige-verjaehrungsfrist-im-vertrag-vereinbart\/#article\",\"isPartOf\":{\"@id\":\"https:\/\/www.mek-law.de\/2021\/03\/22\/verjaehrungsfrist-fuer-baumaengel-nur-zwei-jahre-obwohl-fuenfjaehrige-verjaehrungsfrist-im-vertrag-vereinbart\/\"},\"author\":{\"name\":\"admin\",\"@id\":\"https:\/\/www.mek-law.de\/#\/schema\/person\/c2f3213aa109e57ec6e3ee55b0fc0fe2\"},\"headline\":\"Verj\u00e4hrungsfrist f\u00fcr Baum\u00e4ngel nur zwei Jahre, obwohl f\u00fcnfj\u00e4hrige Verj\u00e4hrungsfrist im Vertrag vereinbart\",\"datePublished\":\"2021-03-22T12:44:21+00:00\",\"dateModified\":\"2021-03-22T12:44:44+00:00\",\"mainEntityOfPage\":{\"@id\":\"https:\/\/www.mek-law.de\/2021\/03\/22\/verjaehrungsfrist-fuer-baumaengel-nur-zwei-jahre-obwohl-fuenfjaehrige-verjaehrungsfrist-im-vertrag-vereinbart\/\"},\"wordCount\":490,\"commentCount\":0,\"keywords\":[\"Old blogposts\"],\"articleSection\":[\"Allgemein\"],\"inLanguage\":\"en-US\",\"potentialAction\":[{\"@type\":\"CommentAction\",\"name\":\"Comment\",\"target\":[\"https:\/\/www.mek-law.de\/2021\/03\/22\/verjaehrungsfrist-fuer-baumaengel-nur-zwei-jahre-obwohl-fuenfjaehrige-verjaehrungsfrist-im-vertrag-vereinbart\/#respond\"]}]},{\"@type\":\"WebPage\",\"@id\":\"https:\/\/www.mek-law.de\/2021\/03\/22\/verjaehrungsfrist-fuer-baumaengel-nur-zwei-jahre-obwohl-fuenfjaehrige-verjaehrungsfrist-im-vertrag-vereinbart\/\",\"url\":\"https:\/\/www.mek-law.de\/2021\/03\/22\/verjaehrungsfrist-fuer-baumaengel-nur-zwei-jahre-obwohl-fuenfjaehrige-verjaehrungsfrist-im-vertrag-vereinbart\/\",\"name\":\"Verj\u00e4hrungsfrist f\u00fcr Baum\u00e4ngel nur zwei Jahre, obwohl f\u00fcnfj\u00e4hrige Verj\u00e4hrungsfrist im Vertrag vereinbart\",\"isPartOf\":{\"@id\":\"https:\/\/www.mek-law.de\/#website\"},\"datePublished\":\"2021-03-22T12:44:21+00:00\",\"dateModified\":\"2021-03-22T12:44:44+00:00\",\"author\":{\"@id\":\"https:\/\/www.mek-law.de\/#\/schema\/person\/c2f3213aa109e57ec6e3ee55b0fc0fe2\"},\"breadcrumb\":{\"@id\":\"https:\/\/www.mek-law.de\/2021\/03\/22\/verjaehrungsfrist-fuer-baumaengel-nur-zwei-jahre-obwohl-fuenfjaehrige-verjaehrungsfrist-im-vertrag-vereinbart\/#breadcrumb\"},\"inLanguage\":\"en-US\",\"potentialAction\":[{\"@type\":\"ReadAction\",\"target\":[\"https:\/\/www.mek-law.de\/2021\/03\/22\/verjaehrungsfrist-fuer-baumaengel-nur-zwei-jahre-obwohl-fuenfjaehrige-verjaehrungsfrist-im-vertrag-vereinbart\/\"]}]},{\"@type\":\"BreadcrumbList\",\"@id\":\"https:\/\/www.mek-law.de\/2021\/03\/22\/verjaehrungsfrist-fuer-baumaengel-nur-zwei-jahre-obwohl-fuenfjaehrige-verjaehrungsfrist-im-vertrag-vereinbart\/#breadcrumb\",\"itemListElement\":[{\"@type\":\"ListItem\",\"position\":1,\"name\":\"Startseite\",\"item\":\"https:\/\/www.mek-law.de\/\"},{\"@type\":\"ListItem\",\"position\":2,\"name\":\"Verj\u00e4hrungsfrist f\u00fcr Baum\u00e4ngel nur zwei Jahre, obwohl f\u00fcnfj\u00e4hrige Verj\u00e4hrungsfrist im Vertrag vereinbart\"}]},{\"@type\":\"WebSite\",\"@id\":\"https:\/\/www.mek-law.de\/#website\",\"url\":\"https:\/\/www.mek-law.de\/\",\"name\":\"MEK | Rechtsanwaltsgesellschaft mbH in Munich & Frankfurt\",\"description\":\"\",\"potentialAction\":[{\"@type\":\"SearchAction\",\"target\":{\"@type\":\"EntryPoint\",\"urlTemplate\":\"https:\/\/www.mek-law.de\/?s={search_term_string}\"},\"query-input\":{\"@type\":\"PropertyValueSpecification\",\"valueRequired\":true,\"valueName\":\"search_term_string\"}}],\"inLanguage\":\"en-US\"},{\"@type\":\"Person\",\"@id\":\"https:\/\/www.mek-law.de\/#\/schema\/person\/c2f3213aa109e57ec6e3ee55b0fc0fe2\",\"name\":\"admin\",\"image\":{\"@type\":\"ImageObject\",\"inLanguage\":\"en-US\",\"@id\":\"https:\/\/secure.gravatar.com\/avatar\/c0d9b27c4c44f6a9cc7ee909fbd898cfd6b313730ed70eda93b3fc150e7bf906?s=96&d=mm&r=g\",\"url\":\"https:\/\/secure.gravatar.com\/avatar\/c0d9b27c4c44f6a9cc7ee909fbd898cfd6b313730ed70eda93b3fc150e7bf906?s=96&d=mm&r=g\",\"contentUrl\":\"https:\/\/secure.gravatar.com\/avatar\/c0d9b27c4c44f6a9cc7ee909fbd898cfd6b313730ed70eda93b3fc150e7bf906?s=96&d=mm&r=g\",\"caption\":\"admin\"},\"sameAs\":[\"https:\/\/www.mek-law.de\"],\"url\":\"https:\/\/www.mek-law.de\/en\/author\/admin\/\"}]}<\/script>\n<!-- \/ Yoast SEO plugin. -->","yoast_head_json":{"title":"Verj\u00e4hrungsfrist f\u00fcr Baum\u00e4ngel nur zwei Jahre, obwohl f\u00fcnfj\u00e4hrige Verj\u00e4hrungsfrist im Vertrag vereinbart","robots":{"index":"index","follow":"follow","max-snippet":"max-snippet:-1","max-image-preview":"max-image-preview:large","max-video-preview":"max-video-preview:-1"},"canonical":"https:\/\/www.mek-law.de\/en\/2021\/03\/22\/verjaehrungsfrist-fuer-baumaengel-nur-zwei-jahre-obwohl-fuenfjaehrige-verjaehrungsfrist-im-vertrag-vereinbart\/","og_locale":"en_US","og_type":"article","og_title":"[:de]Verj\u00e4hrungsfrist f\u00fcr Baum\u00e4ngel nur zwei Jahre, obwohl f\u00fcnfj\u00e4hrige Verj\u00e4hrungsfrist im Vertrag vereinbart[:] - MEK | Rechtsanwaltsgesellschaft mbH in Munich & Frankfurt","og_description":"OLG M\u00fcnchen, Beschluss vom 23.02.2010 \u2013&nbsp;28 U 5512\/09 \u2013 ver\u00f6ffentlicht [&hellip;]","og_url":"https:\/\/www.mek-law.de\/en\/2021\/03\/22\/verjaehrungsfrist-fuer-baumaengel-nur-zwei-jahre-obwohl-fuenfjaehrige-verjaehrungsfrist-im-vertrag-vereinbart\/","og_site_name":"MEK | Rechtsanwaltsgesellschaft mbH in Munich & Frankfurt","article_published_time":"2021-03-22T12:44:21+00:00","article_modified_time":"2021-03-22T12:44:44+00:00","author":"admin","twitter_card":"summary_large_image","twitter_misc":{"Written by":"admin","Est. reading time":"2 minutes"},"schema":{"@context":"https:\/\/schema.org","@graph":[{"@type":"Article","@id":"https:\/\/www.mek-law.de\/2021\/03\/22\/verjaehrungsfrist-fuer-baumaengel-nur-zwei-jahre-obwohl-fuenfjaehrige-verjaehrungsfrist-im-vertrag-vereinbart\/#article","isPartOf":{"@id":"https:\/\/www.mek-law.de\/2021\/03\/22\/verjaehrungsfrist-fuer-baumaengel-nur-zwei-jahre-obwohl-fuenfjaehrige-verjaehrungsfrist-im-vertrag-vereinbart\/"},"author":{"name":"admin","@id":"https:\/\/www.mek-law.de\/#\/schema\/person\/c2f3213aa109e57ec6e3ee55b0fc0fe2"},"headline":"Verj\u00e4hrungsfrist f\u00fcr Baum\u00e4ngel nur zwei Jahre, obwohl f\u00fcnfj\u00e4hrige Verj\u00e4hrungsfrist im Vertrag vereinbart","datePublished":"2021-03-22T12:44:21+00:00","dateModified":"2021-03-22T12:44:44+00:00","mainEntityOfPage":{"@id":"https:\/\/www.mek-law.de\/2021\/03\/22\/verjaehrungsfrist-fuer-baumaengel-nur-zwei-jahre-obwohl-fuenfjaehrige-verjaehrungsfrist-im-vertrag-vereinbart\/"},"wordCount":490,"commentCount":0,"keywords":["Old blogposts"],"articleSection":["Allgemein"],"inLanguage":"en-US","potentialAction":[{"@type":"CommentAction","name":"Comment","target":["https:\/\/www.mek-law.de\/2021\/03\/22\/verjaehrungsfrist-fuer-baumaengel-nur-zwei-jahre-obwohl-fuenfjaehrige-verjaehrungsfrist-im-vertrag-vereinbart\/#respond"]}]},{"@type":"WebPage","@id":"https:\/\/www.mek-law.de\/2021\/03\/22\/verjaehrungsfrist-fuer-baumaengel-nur-zwei-jahre-obwohl-fuenfjaehrige-verjaehrungsfrist-im-vertrag-vereinbart\/","url":"https:\/\/www.mek-law.de\/2021\/03\/22\/verjaehrungsfrist-fuer-baumaengel-nur-zwei-jahre-obwohl-fuenfjaehrige-verjaehrungsfrist-im-vertrag-vereinbart\/","name":"Verj\u00e4hrungsfrist f\u00fcr Baum\u00e4ngel nur zwei Jahre, obwohl f\u00fcnfj\u00e4hrige Verj\u00e4hrungsfrist im Vertrag vereinbart","isPartOf":{"@id":"https:\/\/www.mek-law.de\/#website"},"datePublished":"2021-03-22T12:44:21+00:00","dateModified":"2021-03-22T12:44:44+00:00","author":{"@id":"https:\/\/www.mek-law.de\/#\/schema\/person\/c2f3213aa109e57ec6e3ee55b0fc0fe2"},"breadcrumb":{"@id":"https:\/\/www.mek-law.de\/2021\/03\/22\/verjaehrungsfrist-fuer-baumaengel-nur-zwei-jahre-obwohl-fuenfjaehrige-verjaehrungsfrist-im-vertrag-vereinbart\/#breadcrumb"},"inLanguage":"en-US","potentialAction":[{"@type":"ReadAction","target":["https:\/\/www.mek-law.de\/2021\/03\/22\/verjaehrungsfrist-fuer-baumaengel-nur-zwei-jahre-obwohl-fuenfjaehrige-verjaehrungsfrist-im-vertrag-vereinbart\/"]}]},{"@type":"BreadcrumbList","@id":"https:\/\/www.mek-law.de\/2021\/03\/22\/verjaehrungsfrist-fuer-baumaengel-nur-zwei-jahre-obwohl-fuenfjaehrige-verjaehrungsfrist-im-vertrag-vereinbart\/#breadcrumb","itemListElement":[{"@type":"ListItem","position":1,"name":"Startseite","item":"https:\/\/www.mek-law.de\/"},{"@type":"ListItem","position":2,"name":"Verj\u00e4hrungsfrist f\u00fcr Baum\u00e4ngel nur zwei Jahre, obwohl f\u00fcnfj\u00e4hrige Verj\u00e4hrungsfrist im Vertrag vereinbart"}]},{"@type":"WebSite","@id":"https:\/\/www.mek-law.de\/#website","url":"https:\/\/www.mek-law.de\/","name":"MEK | Rechtsanwaltsgesellschaft mbH in Munich & Frankfurt","description":"","potentialAction":[{"@type":"SearchAction","target":{"@type":"EntryPoint","urlTemplate":"https:\/\/www.mek-law.de\/?s={search_term_string}"},"query-input":{"@type":"PropertyValueSpecification","valueRequired":true,"valueName":"search_term_string"}}],"inLanguage":"en-US"},{"@type":"Person","@id":"https:\/\/www.mek-law.de\/#\/schema\/person\/c2f3213aa109e57ec6e3ee55b0fc0fe2","name":"admin","image":{"@type":"ImageObject","inLanguage":"en-US","@id":"https:\/\/secure.gravatar.com\/avatar\/c0d9b27c4c44f6a9cc7ee909fbd898cfd6b313730ed70eda93b3fc150e7bf906?s=96&d=mm&r=g","url":"https:\/\/secure.gravatar.com\/avatar\/c0d9b27c4c44f6a9cc7ee909fbd898cfd6b313730ed70eda93b3fc150e7bf906?s=96&d=mm&r=g","contentUrl":"https:\/\/secure.gravatar.com\/avatar\/c0d9b27c4c44f6a9cc7ee909fbd898cfd6b313730ed70eda93b3fc150e7bf906?s=96&d=mm&r=g","caption":"admin"},"sameAs":["https:\/\/www.mek-law.de"],"url":"https:\/\/www.mek-law.de\/en\/author\/admin\/"}]}},"_links":{"self":[{"href":"https:\/\/www.mek-law.de\/en\/wp-json\/wp\/v2\/posts\/2834","targetHints":{"allow":["GET"]}}],"collection":[{"href":"https:\/\/www.mek-law.de\/en\/wp-json\/wp\/v2\/posts"}],"about":[{"href":"https:\/\/www.mek-law.de\/en\/wp-json\/wp\/v2\/types\/post"}],"author":[{"embeddable":true,"href":"https:\/\/www.mek-law.de\/en\/wp-json\/wp\/v2\/users\/1"}],"replies":[{"embeddable":true,"href":"https:\/\/www.mek-law.de\/en\/wp-json\/wp\/v2\/comments?post=2834"}],"version-history":[{"count":0,"href":"https:\/\/www.mek-law.de\/en\/wp-json\/wp\/v2\/posts\/2834\/revisions"}],"wp:attachment":[{"href":"https:\/\/www.mek-law.de\/en\/wp-json\/wp\/v2\/media?parent=2834"}],"wp:term":[{"taxonomy":"category","embeddable":true,"href":"https:\/\/www.mek-law.de\/en\/wp-json\/wp\/v2\/categories?post=2834"},{"taxonomy":"post_tag","embeddable":true,"href":"https:\/\/www.mek-law.de\/en\/wp-json\/wp\/v2\/tags?post=2834"}],"curies":[{"name":"wp","href":"https:\/\/api.w.org\/{rel}","templated":true}]}}