{"id":2850,"date":"2021-03-22T13:50:18","date_gmt":"2021-03-22T12:50:18","guid":{"rendered":"https:\/\/www.mek-law.de\/2021\/03\/22\/der-anspruch-des-vermieters-auf-rueckzahlung-des-von-ihm-an-den-mieter-geleisteten-kostenvorschusses-zur-maengelbeseitigung-verjaehrt-nicht-in-der-kurzen-verjaehrungsfrist-des-%c2%a7-548-abs-1-bgb-cop\/"},"modified":"2021-03-22T13:50:58","modified_gmt":"2021-03-22T12:50:58","slug":"zur-berechtigung-des-weg-verwalters-zum-abschluss-von-langzeitvertraegen","status":"publish","type":"post","link":"https:\/\/www.mek-law.de\/en\/2021\/03\/22\/zur-berechtigung-des-weg-verwalters-zum-abschluss-von-langzeitvertraegen\/","title":{"rendered":"Zur Berechtigung des WEG-Verwalters zum Abschluss von Langzeitvertr\u00e4gen"},"content":{"rendered":"<p><b>OLG Brandenburg, Grundurteil vom 19.03.2009 \u2013 5 U 109\/07&nbsp;<\/p>\n<p>Entscheidung<\/b><br \/>Die Kl\u00e4gerin verlangt von der beklagten Wohnungseigent\u00fcmergemeinschaft f\u00fcr den Zeitraum der Jahre 2001 bis 2003 die Verg\u00fctung aus einem Vertrag \u00fcber die Durchf\u00fchrung von Hausbetreuungsleistungen. <\/p>\n<p>Den Verg\u00fctungsanspruch hat das OLG mit der Begr\u00fcndung abgelehnt, dass ein wirksamer Vertrag mit der Beklagten nicht zustande gekommen sei. Der Vertrag wurde durch den Verwalter der Beklagten geschlossen, wof\u00fcr keine Vertretungsmacht nach \u00a7&nbsp;27 Abs. 1 Nr. 2 WEG bestand. Der Verwalter ist grunds\u00e4tzlich nicht berechtigt, einen au\u00dfergew\u00f6hnlichen, nicht dringenden Instandsetzungsauftrag gr\u00f6\u00dferen Umfangs ohne vorherigen Beschluss der Wohnungseigent\u00fcmer in deren Namen zu vergeben. Dasselbe soll auch f\u00fcr Wartungsvertr\u00e4ge oder einen langfristigen Vertrag mit einem Hausmeister gelten, wozu auch Vertr\u00e4ge \u00fcber Reinigungs- und Hausmeisterdienste geh\u00f6ren. Der streitgegenst\u00e4ndlich Vertag wurde mit einer Laufzeit von einem Jahr abgeschlossen, welcher sich automatisch verl\u00e4ngerte, wenn er nicht bis zum 01.12. eines jeden Jahres gek\u00fcndigt wird. Die Laufzeit von einem Jahr hat dem OLG bereits gen\u00fcgt, um von einer Langfristigkeit des Vertrages auszugehen. Allerdings kann dem Kl\u00e4ger wegen der von ihm geleisteten Arbeiten ein Anspruch aus ungerechtfertigter Bereicherung zustehen. Ob dem so ist, ist im weiteren Verfahrensgang zu kl\u00e4ren. <\/p>\n<p><b>Praxishinweis<\/b><br \/>Das OLG stellt heraus, dass Vertr\u00e4ge mit einer Laufzeit von einem Jahr der Beschlussfassung durch die Wohnungseigent\u00fcmer bed\u00fcrfen, sofern in der Teilungserkl\u00e4rung nicht bereits Abweichendes geregelt wurde. Letztendlich m\u00fcssen es die Eigent\u00fcmer in der Hand haben zu entscheiden, ob und in welchem Umfang Arbeiten in ihrem Namen und auf ihre Rechnung vergeben werden. Zu den Pflichten des Verwalters geh\u00f6rt es vielmehr, zun\u00e4chst die Wohnungseigent\u00fcmer auf die M\u00f6glichkeit des Abschlusses eines solchen langfristigen Vertrages hinzuweisen. Erst im n\u00e4chsten Schritt, n\u00e4mlich dann, wenn die Wohnungseigent\u00fcmer ihn durch Beschluss dazu erm\u00e4chtigen, ist er zum Abschluss eines langfristigen Vertrages im Namen der Wohnungseigent\u00fcmergemeinschaft berechtigt.<\/p>\n","protected":false},"excerpt":{"rendered":"<p>OLG Brandenburg, Grundurteil vom 19.03.2009 \u2013 5 U 109\/07&nbsp; EntscheidungDie [&hellip;]<\/p>\n","protected":false},"author":1,"featured_media":0,"comment_status":"open","ping_status":"open","sticky":false,"template":"","format":"standard","meta":{"footnotes":""},"categories":[1],"tags":[3],"class_list":["post-2850","post","type-post","status-publish","format-standard","hentry","category-allgemein","tag-old-blogposts"],"yoast_head":"<!-- This site is optimized with the Yoast SEO plugin v27.2 - https:\/\/yoast.com\/product\/yoast-seo-wordpress\/ -->\n<title>Zur Berechtigung des WEG-Verwalters zum Abschluss von Langzeitvertr\u00e4gen<\/title>\n<meta name=\"robots\" content=\"index, follow, max-snippet:-1, max-image-preview:large, max-video-preview:-1\" \/>\n<link rel=\"canonical\" href=\"https:\/\/www.mek-law.de\/en\/2021\/03\/22\/zur-berechtigung-des-weg-verwalters-zum-abschluss-von-langzeitvertraegen\/\" \/>\n<meta property=\"og:locale\" content=\"en_US\" \/>\n<meta property=\"og:locale:alternate\" content=\"de_DE\" \/>\n<meta property=\"og:type\" content=\"article\" \/>\n<meta property=\"og:title\" content=\"Zur Berechtigung des WEG-Verwalters zum Abschluss von Langzeitvertr\u00e4gen\" \/>\n<meta property=\"og:description\" content=\"OLG Brandenburg, Grundurteil vom 19.03.2009 \u2013 5 U 109\/07&nbsp; EntscheidungDie [&hellip;]\" \/>\n<meta property=\"og:url\" content=\"https:\/\/www.mek-law.de\/en\/2021\/03\/22\/zur-berechtigung-des-weg-verwalters-zum-abschluss-von-langzeitvertraegen\/\" \/>\n<meta property=\"og:site_name\" content=\"MEK | Rechtsanwaltsgesellschaft mbH in Munich &amp; Frankfurt\" \/>\n<meta property=\"article:published_time\" content=\"2021-03-22T12:50:18+00:00\" \/>\n<meta property=\"article:modified_time\" content=\"2021-03-22T12:50:58+00:00\" \/>\n<meta name=\"author\" content=\"admin\" \/>\n<meta name=\"twitter:card\" content=\"summary_large_image\" \/>\n<meta name=\"twitter:label1\" content=\"Written by\" \/>\n\t<meta name=\"twitter:data1\" content=\"admin\" \/>\n\t<meta name=\"twitter:label2\" content=\"Est. reading time\" \/>\n\t<meta name=\"twitter:data2\" content=\"2 minutes\" \/>\n<script type=\"application\/ld+json\" class=\"yoast-schema-graph\">{\"@context\":\"https:\/\/schema.org\",\"@graph\":[{\"@type\":\"Article\",\"@id\":\"https:\/\/www.mek-law.de\/2021\/03\/22\/zur-berechtigung-des-weg-verwalters-zum-abschluss-von-langzeitvertraegen\/#article\",\"isPartOf\":{\"@id\":\"https:\/\/www.mek-law.de\/2021\/03\/22\/zur-berechtigung-des-weg-verwalters-zum-abschluss-von-langzeitvertraegen\/\"},\"author\":{\"name\":\"admin\",\"@id\":\"https:\/\/www.mek-law.de\/#\/schema\/person\/c2f3213aa109e57ec6e3ee55b0fc0fe2\"},\"headline\":\"Zur Berechtigung des WEG-Verwalters zum Abschluss von Langzeitvertr\u00e4gen\",\"datePublished\":\"2021-03-22T12:50:18+00:00\",\"dateModified\":\"2021-03-22T12:50:58+00:00\",\"mainEntityOfPage\":{\"@id\":\"https:\/\/www.mek-law.de\/2021\/03\/22\/zur-berechtigung-des-weg-verwalters-zum-abschluss-von-langzeitvertraegen\/\"},\"wordCount\":330,\"commentCount\":0,\"keywords\":[\"Old blogposts\"],\"articleSection\":[\"Allgemein\"],\"inLanguage\":\"en-US\",\"potentialAction\":[{\"@type\":\"CommentAction\",\"name\":\"Comment\",\"target\":[\"https:\/\/www.mek-law.de\/2021\/03\/22\/zur-berechtigung-des-weg-verwalters-zum-abschluss-von-langzeitvertraegen\/#respond\"]}]},{\"@type\":\"WebPage\",\"@id\":\"https:\/\/www.mek-law.de\/2021\/03\/22\/zur-berechtigung-des-weg-verwalters-zum-abschluss-von-langzeitvertraegen\/\",\"url\":\"https:\/\/www.mek-law.de\/2021\/03\/22\/zur-berechtigung-des-weg-verwalters-zum-abschluss-von-langzeitvertraegen\/\",\"name\":\"Zur Berechtigung des WEG-Verwalters zum Abschluss von Langzeitvertr\u00e4gen\",\"isPartOf\":{\"@id\":\"https:\/\/www.mek-law.de\/#website\"},\"datePublished\":\"2021-03-22T12:50:18+00:00\",\"dateModified\":\"2021-03-22T12:50:58+00:00\",\"author\":{\"@id\":\"https:\/\/www.mek-law.de\/#\/schema\/person\/c2f3213aa109e57ec6e3ee55b0fc0fe2\"},\"breadcrumb\":{\"@id\":\"https:\/\/www.mek-law.de\/2021\/03\/22\/zur-berechtigung-des-weg-verwalters-zum-abschluss-von-langzeitvertraegen\/#breadcrumb\"},\"inLanguage\":\"en-US\",\"potentialAction\":[{\"@type\":\"ReadAction\",\"target\":[\"https:\/\/www.mek-law.de\/2021\/03\/22\/zur-berechtigung-des-weg-verwalters-zum-abschluss-von-langzeitvertraegen\/\"]}]},{\"@type\":\"BreadcrumbList\",\"@id\":\"https:\/\/www.mek-law.de\/2021\/03\/22\/zur-berechtigung-des-weg-verwalters-zum-abschluss-von-langzeitvertraegen\/#breadcrumb\",\"itemListElement\":[{\"@type\":\"ListItem\",\"position\":1,\"name\":\"Startseite\",\"item\":\"https:\/\/www.mek-law.de\/\"},{\"@type\":\"ListItem\",\"position\":2,\"name\":\"Zur Berechtigung des WEG-Verwalters zum Abschluss von Langzeitvertr\u00e4gen\"}]},{\"@type\":\"WebSite\",\"@id\":\"https:\/\/www.mek-law.de\/#website\",\"url\":\"https:\/\/www.mek-law.de\/\",\"name\":\"MEK | Rechtsanwaltsgesellschaft mbH in Munich & Frankfurt\",\"description\":\"\",\"potentialAction\":[{\"@type\":\"SearchAction\",\"target\":{\"@type\":\"EntryPoint\",\"urlTemplate\":\"https:\/\/www.mek-law.de\/?s={search_term_string}\"},\"query-input\":{\"@type\":\"PropertyValueSpecification\",\"valueRequired\":true,\"valueName\":\"search_term_string\"}}],\"inLanguage\":\"en-US\"},{\"@type\":\"Person\",\"@id\":\"https:\/\/www.mek-law.de\/#\/schema\/person\/c2f3213aa109e57ec6e3ee55b0fc0fe2\",\"name\":\"admin\",\"image\":{\"@type\":\"ImageObject\",\"inLanguage\":\"en-US\",\"@id\":\"https:\/\/secure.gravatar.com\/avatar\/c0d9b27c4c44f6a9cc7ee909fbd898cfd6b313730ed70eda93b3fc150e7bf906?s=96&d=mm&r=g\",\"url\":\"https:\/\/secure.gravatar.com\/avatar\/c0d9b27c4c44f6a9cc7ee909fbd898cfd6b313730ed70eda93b3fc150e7bf906?s=96&d=mm&r=g\",\"contentUrl\":\"https:\/\/secure.gravatar.com\/avatar\/c0d9b27c4c44f6a9cc7ee909fbd898cfd6b313730ed70eda93b3fc150e7bf906?s=96&d=mm&r=g\",\"caption\":\"admin\"},\"sameAs\":[\"https:\/\/www.mek-law.de\"],\"url\":\"https:\/\/www.mek-law.de\/en\/author\/admin\/\"}]}<\/script>\n<!-- \/ Yoast SEO plugin. -->","yoast_head_json":{"title":"Zur Berechtigung des WEG-Verwalters zum Abschluss von Langzeitvertr\u00e4gen","robots":{"index":"index","follow":"follow","max-snippet":"max-snippet:-1","max-image-preview":"max-image-preview:large","max-video-preview":"max-video-preview:-1"},"canonical":"https:\/\/www.mek-law.de\/en\/2021\/03\/22\/zur-berechtigung-des-weg-verwalters-zum-abschluss-von-langzeitvertraegen\/","og_locale":"en_US","og_type":"article","og_title":"[:de]Zur Berechtigung des WEG-Verwalters zum Abschluss von Langzeitvertr\u00e4gen[:] - MEK | Rechtsanwaltsgesellschaft mbH in Munich & Frankfurt","og_description":"OLG Brandenburg, Grundurteil vom 19.03.2009 \u2013 5 U 109\/07&nbsp; EntscheidungDie [&hellip;]","og_url":"https:\/\/www.mek-law.de\/en\/2021\/03\/22\/zur-berechtigung-des-weg-verwalters-zum-abschluss-von-langzeitvertraegen\/","og_site_name":"MEK | Rechtsanwaltsgesellschaft mbH in Munich & Frankfurt","article_published_time":"2021-03-22T12:50:18+00:00","article_modified_time":"2021-03-22T12:50:58+00:00","author":"admin","twitter_card":"summary_large_image","twitter_misc":{"Written by":"admin","Est. reading time":"2 minutes"},"schema":{"@context":"https:\/\/schema.org","@graph":[{"@type":"Article","@id":"https:\/\/www.mek-law.de\/2021\/03\/22\/zur-berechtigung-des-weg-verwalters-zum-abschluss-von-langzeitvertraegen\/#article","isPartOf":{"@id":"https:\/\/www.mek-law.de\/2021\/03\/22\/zur-berechtigung-des-weg-verwalters-zum-abschluss-von-langzeitvertraegen\/"},"author":{"name":"admin","@id":"https:\/\/www.mek-law.de\/#\/schema\/person\/c2f3213aa109e57ec6e3ee55b0fc0fe2"},"headline":"Zur Berechtigung des WEG-Verwalters zum Abschluss von Langzeitvertr\u00e4gen","datePublished":"2021-03-22T12:50:18+00:00","dateModified":"2021-03-22T12:50:58+00:00","mainEntityOfPage":{"@id":"https:\/\/www.mek-law.de\/2021\/03\/22\/zur-berechtigung-des-weg-verwalters-zum-abschluss-von-langzeitvertraegen\/"},"wordCount":330,"commentCount":0,"keywords":["Old blogposts"],"articleSection":["Allgemein"],"inLanguage":"en-US","potentialAction":[{"@type":"CommentAction","name":"Comment","target":["https:\/\/www.mek-law.de\/2021\/03\/22\/zur-berechtigung-des-weg-verwalters-zum-abschluss-von-langzeitvertraegen\/#respond"]}]},{"@type":"WebPage","@id":"https:\/\/www.mek-law.de\/2021\/03\/22\/zur-berechtigung-des-weg-verwalters-zum-abschluss-von-langzeitvertraegen\/","url":"https:\/\/www.mek-law.de\/2021\/03\/22\/zur-berechtigung-des-weg-verwalters-zum-abschluss-von-langzeitvertraegen\/","name":"Zur Berechtigung des WEG-Verwalters zum Abschluss von Langzeitvertr\u00e4gen","isPartOf":{"@id":"https:\/\/www.mek-law.de\/#website"},"datePublished":"2021-03-22T12:50:18+00:00","dateModified":"2021-03-22T12:50:58+00:00","author":{"@id":"https:\/\/www.mek-law.de\/#\/schema\/person\/c2f3213aa109e57ec6e3ee55b0fc0fe2"},"breadcrumb":{"@id":"https:\/\/www.mek-law.de\/2021\/03\/22\/zur-berechtigung-des-weg-verwalters-zum-abschluss-von-langzeitvertraegen\/#breadcrumb"},"inLanguage":"en-US","potentialAction":[{"@type":"ReadAction","target":["https:\/\/www.mek-law.de\/2021\/03\/22\/zur-berechtigung-des-weg-verwalters-zum-abschluss-von-langzeitvertraegen\/"]}]},{"@type":"BreadcrumbList","@id":"https:\/\/www.mek-law.de\/2021\/03\/22\/zur-berechtigung-des-weg-verwalters-zum-abschluss-von-langzeitvertraegen\/#breadcrumb","itemListElement":[{"@type":"ListItem","position":1,"name":"Startseite","item":"https:\/\/www.mek-law.de\/"},{"@type":"ListItem","position":2,"name":"Zur Berechtigung des WEG-Verwalters zum Abschluss von Langzeitvertr\u00e4gen"}]},{"@type":"WebSite","@id":"https:\/\/www.mek-law.de\/#website","url":"https:\/\/www.mek-law.de\/","name":"MEK | Rechtsanwaltsgesellschaft mbH in Munich & Frankfurt","description":"","potentialAction":[{"@type":"SearchAction","target":{"@type":"EntryPoint","urlTemplate":"https:\/\/www.mek-law.de\/?s={search_term_string}"},"query-input":{"@type":"PropertyValueSpecification","valueRequired":true,"valueName":"search_term_string"}}],"inLanguage":"en-US"},{"@type":"Person","@id":"https:\/\/www.mek-law.de\/#\/schema\/person\/c2f3213aa109e57ec6e3ee55b0fc0fe2","name":"admin","image":{"@type":"ImageObject","inLanguage":"en-US","@id":"https:\/\/secure.gravatar.com\/avatar\/c0d9b27c4c44f6a9cc7ee909fbd898cfd6b313730ed70eda93b3fc150e7bf906?s=96&d=mm&r=g","url":"https:\/\/secure.gravatar.com\/avatar\/c0d9b27c4c44f6a9cc7ee909fbd898cfd6b313730ed70eda93b3fc150e7bf906?s=96&d=mm&r=g","contentUrl":"https:\/\/secure.gravatar.com\/avatar\/c0d9b27c4c44f6a9cc7ee909fbd898cfd6b313730ed70eda93b3fc150e7bf906?s=96&d=mm&r=g","caption":"admin"},"sameAs":["https:\/\/www.mek-law.de"],"url":"https:\/\/www.mek-law.de\/en\/author\/admin\/"}]}},"_links":{"self":[{"href":"https:\/\/www.mek-law.de\/en\/wp-json\/wp\/v2\/posts\/2850","targetHints":{"allow":["GET"]}}],"collection":[{"href":"https:\/\/www.mek-law.de\/en\/wp-json\/wp\/v2\/posts"}],"about":[{"href":"https:\/\/www.mek-law.de\/en\/wp-json\/wp\/v2\/types\/post"}],"author":[{"embeddable":true,"href":"https:\/\/www.mek-law.de\/en\/wp-json\/wp\/v2\/users\/1"}],"replies":[{"embeddable":true,"href":"https:\/\/www.mek-law.de\/en\/wp-json\/wp\/v2\/comments?post=2850"}],"version-history":[{"count":0,"href":"https:\/\/www.mek-law.de\/en\/wp-json\/wp\/v2\/posts\/2850\/revisions"}],"wp:attachment":[{"href":"https:\/\/www.mek-law.de\/en\/wp-json\/wp\/v2\/media?parent=2850"}],"wp:term":[{"taxonomy":"category","embeddable":true,"href":"https:\/\/www.mek-law.de\/en\/wp-json\/wp\/v2\/categories?post=2850"},{"taxonomy":"post_tag","embeddable":true,"href":"https:\/\/www.mek-law.de\/en\/wp-json\/wp\/v2\/tags?post=2850"}],"curies":[{"name":"wp","href":"https:\/\/api.w.org\/{rel}","templated":true}]}}