{"id":2931,"date":"2021-03-22T14:30:22","date_gmt":"2021-03-22T13:30:22","guid":{"rendered":"https:\/\/www.mek-law.de\/2021\/03\/22\/neues-zur-vergaberechtsreform-copy\/"},"modified":"2021-03-22T14:31:16","modified_gmt":"2021-03-22T13:31:16","slug":"enev-2009-zum-01-10-2009-in-kraft-getreten","status":"publish","type":"post","link":"https:\/\/www.mek-law.de\/en\/2021\/03\/22\/enev-2009-zum-01-10-2009-in-kraft-getreten\/","title":{"rendered":"EnEV 2009 zum 01.10.2009 in Kraft getreten"},"content":{"rendered":"<p>Das Bundeskabinett hatte im August 2007 ein Energie- und Klimaprogramm (IEKP) beschlossen, welches hohe Anforderungen an einen effektiven Klimaschutz formuliert. Ein Baustein dieses beschlossenen Ma\u00dfnahmepakets ist die Novellierung der Energieeinsparverordnung (EnEV 2007), welche insbesondere die energetischen Mindestanforderungen f\u00fcr Neubauten sowie f\u00fcr Modernisierungen, den Um- und Ausbau sowie Erweiterungen bestehender Geb\u00e4ude regelt. Diese Mindestanforderungen wurden mit Inkrafttreten der EnEV 2009 jedoch weiter versch\u00e4rft, was zum 01.10.2009 erfolgt ist. <\/p>\n<p>Mit Inkraftreten der EnEV 2009 sind folgende wesentliche \u00c4nderungen verbunden:<\/p>\n<p>1. Neubauten<\/p>\n<ul>\n<li>Die Obergrenze f\u00fcr den zul\u00e4ssigen Jahres-Prim\u00e4renergiebedarf wurde um durchschnittlich 30 Prozent gesenkt.<\/li>\n<li>Die energetischen Anforderungen an die W\u00e4rmed\u00e4mmung der Geb\u00e4udeh\u00fclle wurden um circa 15 Prozent erh\u00f6ht.<\/li>\n<\/ul>\n<p>2. Modernisierung von Altbauten<\/p>\n<ul>\n<li>Die einzuhaltenden Werte einzelner Bauteile, die im Rahmen der Modernisierung von Altbauten Verwendung finden, wurden um 30 Prozent versch\u00e4rft. Betroffen davon sind gr\u00f6\u00dfere bauliche \u00c4nderungen an der Geb\u00e4udeh\u00fclle, d. h. solche, die mehr als 10 Prozent der gesamten jeweiligen Bauteilfl\u00e4chen des Geb\u00e4udes betreffen, wie etwa die Erneuerung der Fassade, der Fenster oder des Daches.<\/li>\n<li>Alternativ zu den vorgenannten Bauteilanforderungen kann der Bauherr Sanierungsma\u00dfnahmen vornehmen, die zur Folge haben, dass der Jahres-Prim\u00e4renergiebedarf des Geb\u00e4udes nach dessen Sanierung die Anforderungen an einen gleichartigen Neubau um nicht mehr als 40 Prozent \u00fcberschreitet.<\/li>\n<\/ul>\n<p>3. Nachr\u00fcstpflichten&nbsp;bei&nbsp;Bestandsobjekten\/ Au\u00dferbetriebnahme<\/p>\n<ul>\n<li>Die obersten begehbaren Geschossdecken m\u00fcssen bis Ende 2011 ged\u00e4mmt werden. Die Anforderungen an nicht begehbare Geschossdecken (Dachb\u00f6den) wurden versch\u00e4rft. Statt bisher 0,30 Watt\/(m\u00b2\uf0b4K) sind zuk\u00fcnftig mindestens 0,24 Watt\/(m\u00b2\uf0b4K) zu erreichen. Alternativ kann auch eine D\u00e4mmung des Daches erfolgen (\u00a7 10 Abs. 3, 4 EnEV). Ausnahmeregelungen dazu sind in \u00a7&nbsp;10 Abs. 5, 6 EnEV enthalten. Insbesondere ist eine Nachr\u00fcstung dann nicht erforderlich, wenn sich die Kosten der Nachr\u00fcstarbeiten durch die eintretenden Einsparungen nicht innerhalb angemessener Frist amortisieren.<\/li>\n<li>Klimaanlagen, die die Feuchtigkeit der Raumluft ver\u00e4ndern sollen, sind nachzur\u00fcsten, sofern sie \u00fcber keine automatische Regelung der Be- und Entl\u00fcftung verf\u00fcgen.<\/li>\n<li>Nachtstromspeicherheizungen, die \u00e4lter als 30 Jahre sind, m\u00fcssen in gr\u00f6\u00dferen Geb\u00e4uden ab dem Jahr 2020 schrittweise au\u00dfer Betrieb genommen werden (\u00a7 10a EnEV). Allerdings enth\u00e4lt \u00a7 10a EnEV zugleich eine Vielzahl von \u00dcbergangs- und Ausnahmeregelungen.<\/li>\n<\/ul>\n<p>4. Versch\u00e4rfung der Ma\u00dfnahmen zum Vollzug der Vorschriften der EnEV<\/p>\n<ul>\n<li>Einzelne Pr\u00fcfungen wurden dem Bezirksschornsteinfeger auferlegt, insbesondere Sichtpr\u00fcfungen an heizungstechnischen Anlagen hinsichtlich der Einhaltung von Nachr\u00fcstverpflichtungen und den Anforderungen an den Einbau neuer Anlagen (\u00a7&nbsp;26b EnEV).<\/li>\n<li>Unternehmer haben dem Bauherrn Nachweise dar\u00fcber zu erbringen, dass die Bestimmungen der EnEV 2009 bei dem Bau bzw. der Modernisierung von Altbauten eingehalten wurden (so genannte Unternehmererkl\u00e4rungen), die der zust\u00e4ndigen Beh\u00f6rde auf Anforderung vorzulegen sind (\u00a7 26a EnEV). F\u00fcr den Bauunternehmer ist damit ein weiteres Haftungsrisiko geschaffen worden. Zugleich kann ein Versto\u00df gegen diese Bestimmung als Ordnungswidrigkeit geahndet und mit einem Bu\u00dfgeld belegt werden (\u00a7 27 Abs. 3 EnEV).<\/li>\n<li>Es wurden einheitliche Bu\u00dfgeldvorschriften eingef\u00fchrt. <\/li>\n<li>Verst\u00f6\u00dfe gegen bestimmte Anforderungen der EnEV an Alt- und Neubauten und die Verwendung falscher Daten beim Energieausweis k\u00f6nnen als Ordnungswidrigkeit geahndet werden (\u00a7 27 EnEV).<\/li>\n<\/ul>\n<p>Mit Inkrafttreten der EnEV 2009 sind deren Vorschriften von jedem Bauherrn oder Eigent\u00fcmer, der ein Geb\u00e4ude errichten bzw. sein Geb\u00e4ude komplett oder teilweise sanieren will, zu beachten. Ma\u00dfgeblicher Zeitpunkt, ist der der Bauanstragstellung bzw. bei nicht genehmigungsbed\u00fcrftigen Vorhaben der Zeitpunkt in dem das Vorhaben der Gemeinde zur Kenntnis gegeben wird. Die EnEV 2009 findet folglich erst f\u00fcr solche Bauvorhaben Beachtung, deren Antragstellung bzw. Anzeige bei der zust\u00e4ndigen Beh\u00f6rde ab dem Stichtag 01.10.2009 erfolgt ist. Bis dahin sind die Bestimmungen der EnEV 2007 anzuwenden. F\u00fcr alle weiteren Vorhaben gilt die Fassung, welche zum Zeitpunkt des Baubeginns G\u00fcltigkeit&nbsp;hatte. Eigent\u00fcmer von \u201e\u00e4lteren\u201c Bestandsgeb\u00e4uden sind dar\u00fcber hinaus gehalten, ihr Geb\u00e4ude unter Beachtung der in der EnEV 2009 genannten \u00dcbergangsfristen energetisch aufzur\u00fcsten, sofern diese den Vorgaben der EnEV 2009 nicht entsprechen sollten.<\/p>\n<p>Die jetzige Novellierung der EnEV stellt allerdings nur einen weiteren Zwischenschritt zur Umsetzung der Klimaschutzziele der Bundesregierung dar. Derzeit ist laut Integriertem Energie- und Klimaprogramm (IEKP) geplant, bereits im Jahr 2012 die EnEV 2009 nochmals zu versch\u00e4rfen und die energetischen Anforderungen an Neubauten um weitere 30 Prozent zu erh\u00f6hen. Allerdings sollen nach dem zwischen der CDU\/DSU und der FDP geschlossenen Koalitionsvertrag alle bisher getroffenen Ma\u00dfnahmen nochmals \u00fcberpr\u00fcft und, soweit notwendig, nachgebessert werden. Die Steigerung der Energieeffizienz von Geb\u00e4uden wird dabei weiterhin einen wesentlichen Baustein bilden, der zur Senkung der CO2-Emissionen beitragen soll. Welche konkreten Auswirkungen die Zielsetzung der Bundesregierung hat, wird sich zeigen.<\/p>\n","protected":false},"excerpt":{"rendered":"<p>Das Bundeskabinett hatte im August 2007 ein Energie- und Klimaprogramm [&hellip;]<\/p>\n","protected":false},"author":1,"featured_media":0,"comment_status":"open","ping_status":"open","sticky":false,"template":"","format":"standard","meta":{"footnotes":""},"categories":[1],"tags":[3],"class_list":["post-2931","post","type-post","status-publish","format-standard","hentry","category-allgemein","tag-old-blogposts"],"yoast_head":"<!-- This site is optimized with the Yoast SEO plugin v27.2 - https:\/\/yoast.com\/product\/yoast-seo-wordpress\/ -->\n<title>EnEV 2009 zum 01.10.2009 in Kraft getreten<\/title>\n<meta name=\"robots\" content=\"index, follow, max-snippet:-1, max-image-preview:large, max-video-preview:-1\" \/>\n<link rel=\"canonical\" href=\"https:\/\/www.mek-law.de\/en\/2021\/03\/22\/enev-2009-zum-01-10-2009-in-kraft-getreten\/\" \/>\n<meta property=\"og:locale\" content=\"en_US\" \/>\n<meta property=\"og:locale:alternate\" content=\"de_DE\" \/>\n<meta property=\"og:type\" content=\"article\" \/>\n<meta property=\"og:title\" content=\"EnEV 2009 zum 01.10.2009 in Kraft getreten\" \/>\n<meta property=\"og:description\" content=\"Das Bundeskabinett hatte im August 2007 ein Energie- und Klimaprogramm [&hellip;]\" \/>\n<meta property=\"og:url\" content=\"https:\/\/www.mek-law.de\/en\/2021\/03\/22\/enev-2009-zum-01-10-2009-in-kraft-getreten\/\" \/>\n<meta property=\"og:site_name\" content=\"MEK | Rechtsanwaltsgesellschaft mbH in Munich &amp; Frankfurt\" \/>\n<meta property=\"article:published_time\" content=\"2021-03-22T13:30:22+00:00\" \/>\n<meta property=\"article:modified_time\" content=\"2021-03-22T13:31:16+00:00\" \/>\n<meta name=\"author\" content=\"admin\" \/>\n<meta name=\"twitter:card\" content=\"summary_large_image\" \/>\n<meta name=\"twitter:label1\" content=\"Written by\" \/>\n\t<meta name=\"twitter:data1\" content=\"admin\" \/>\n\t<meta name=\"twitter:label2\" content=\"Est. reading time\" \/>\n\t<meta name=\"twitter:data2\" content=\"2 minutes\" \/>\n<script type=\"application\/ld+json\" class=\"yoast-schema-graph\">{\"@context\":\"https:\/\/schema.org\",\"@graph\":[{\"@type\":\"Article\",\"@id\":\"https:\/\/www.mek-law.de\/2021\/03\/22\/enev-2009-zum-01-10-2009-in-kraft-getreten\/#article\",\"isPartOf\":{\"@id\":\"https:\/\/www.mek-law.de\/2021\/03\/22\/enev-2009-zum-01-10-2009-in-kraft-getreten\/\"},\"author\":{\"name\":\"admin\",\"@id\":\"https:\/\/www.mek-law.de\/#\/schema\/person\/c2f3213aa109e57ec6e3ee55b0fc0fe2\"},\"headline\":\"EnEV 2009 zum 01.10.2009 in Kraft getreten\",\"datePublished\":\"2021-03-22T13:30:22+00:00\",\"dateModified\":\"2021-03-22T13:31:16+00:00\",\"mainEntityOfPage\":{\"@id\":\"https:\/\/www.mek-law.de\/2021\/03\/22\/enev-2009-zum-01-10-2009-in-kraft-getreten\/\"},\"wordCount\":751,\"commentCount\":0,\"keywords\":[\"Old blogposts\"],\"articleSection\":[\"Allgemein\"],\"inLanguage\":\"en-US\",\"potentialAction\":[{\"@type\":\"CommentAction\",\"name\":\"Comment\",\"target\":[\"https:\/\/www.mek-law.de\/2021\/03\/22\/enev-2009-zum-01-10-2009-in-kraft-getreten\/#respond\"]}]},{\"@type\":\"WebPage\",\"@id\":\"https:\/\/www.mek-law.de\/2021\/03\/22\/enev-2009-zum-01-10-2009-in-kraft-getreten\/\",\"url\":\"https:\/\/www.mek-law.de\/2021\/03\/22\/enev-2009-zum-01-10-2009-in-kraft-getreten\/\",\"name\":\"EnEV 2009 zum 01.10.2009 in Kraft getreten\",\"isPartOf\":{\"@id\":\"https:\/\/www.mek-law.de\/#website\"},\"datePublished\":\"2021-03-22T13:30:22+00:00\",\"dateModified\":\"2021-03-22T13:31:16+00:00\",\"author\":{\"@id\":\"https:\/\/www.mek-law.de\/#\/schema\/person\/c2f3213aa109e57ec6e3ee55b0fc0fe2\"},\"breadcrumb\":{\"@id\":\"https:\/\/www.mek-law.de\/2021\/03\/22\/enev-2009-zum-01-10-2009-in-kraft-getreten\/#breadcrumb\"},\"inLanguage\":\"en-US\",\"potentialAction\":[{\"@type\":\"ReadAction\",\"target\":[\"https:\/\/www.mek-law.de\/2021\/03\/22\/enev-2009-zum-01-10-2009-in-kraft-getreten\/\"]}]},{\"@type\":\"BreadcrumbList\",\"@id\":\"https:\/\/www.mek-law.de\/2021\/03\/22\/enev-2009-zum-01-10-2009-in-kraft-getreten\/#breadcrumb\",\"itemListElement\":[{\"@type\":\"ListItem\",\"position\":1,\"name\":\"Startseite\",\"item\":\"https:\/\/www.mek-law.de\/\"},{\"@type\":\"ListItem\",\"position\":2,\"name\":\"EnEV 2009 zum 01.10.2009 in Kraft getreten\"}]},{\"@type\":\"WebSite\",\"@id\":\"https:\/\/www.mek-law.de\/#website\",\"url\":\"https:\/\/www.mek-law.de\/\",\"name\":\"MEK | Rechtsanwaltsgesellschaft mbH in Munich & Frankfurt\",\"description\":\"\",\"potentialAction\":[{\"@type\":\"SearchAction\",\"target\":{\"@type\":\"EntryPoint\",\"urlTemplate\":\"https:\/\/www.mek-law.de\/?s={search_term_string}\"},\"query-input\":{\"@type\":\"PropertyValueSpecification\",\"valueRequired\":true,\"valueName\":\"search_term_string\"}}],\"inLanguage\":\"en-US\"},{\"@type\":\"Person\",\"@id\":\"https:\/\/www.mek-law.de\/#\/schema\/person\/c2f3213aa109e57ec6e3ee55b0fc0fe2\",\"name\":\"admin\",\"image\":{\"@type\":\"ImageObject\",\"inLanguage\":\"en-US\",\"@id\":\"https:\/\/secure.gravatar.com\/avatar\/c0d9b27c4c44f6a9cc7ee909fbd898cfd6b313730ed70eda93b3fc150e7bf906?s=96&d=mm&r=g\",\"url\":\"https:\/\/secure.gravatar.com\/avatar\/c0d9b27c4c44f6a9cc7ee909fbd898cfd6b313730ed70eda93b3fc150e7bf906?s=96&d=mm&r=g\",\"contentUrl\":\"https:\/\/secure.gravatar.com\/avatar\/c0d9b27c4c44f6a9cc7ee909fbd898cfd6b313730ed70eda93b3fc150e7bf906?s=96&d=mm&r=g\",\"caption\":\"admin\"},\"sameAs\":[\"https:\/\/www.mek-law.de\"],\"url\":\"https:\/\/www.mek-law.de\/en\/author\/admin\/\"}]}<\/script>\n<!-- \/ Yoast SEO plugin. -->","yoast_head_json":{"title":"EnEV 2009 zum 01.10.2009 in Kraft getreten","robots":{"index":"index","follow":"follow","max-snippet":"max-snippet:-1","max-image-preview":"max-image-preview:large","max-video-preview":"max-video-preview:-1"},"canonical":"https:\/\/www.mek-law.de\/en\/2021\/03\/22\/enev-2009-zum-01-10-2009-in-kraft-getreten\/","og_locale":"en_US","og_type":"article","og_title":"[:de]EnEV 2009 zum 01.10.2009 in Kraft getreten[:] - MEK | Rechtsanwaltsgesellschaft mbH in Munich & Frankfurt","og_description":"Das Bundeskabinett hatte im August 2007 ein Energie- und Klimaprogramm [&hellip;]","og_url":"https:\/\/www.mek-law.de\/en\/2021\/03\/22\/enev-2009-zum-01-10-2009-in-kraft-getreten\/","og_site_name":"MEK | Rechtsanwaltsgesellschaft mbH in Munich & Frankfurt","article_published_time":"2021-03-22T13:30:22+00:00","article_modified_time":"2021-03-22T13:31:16+00:00","author":"admin","twitter_card":"summary_large_image","twitter_misc":{"Written by":"admin","Est. reading time":"2 minutes"},"schema":{"@context":"https:\/\/schema.org","@graph":[{"@type":"Article","@id":"https:\/\/www.mek-law.de\/2021\/03\/22\/enev-2009-zum-01-10-2009-in-kraft-getreten\/#article","isPartOf":{"@id":"https:\/\/www.mek-law.de\/2021\/03\/22\/enev-2009-zum-01-10-2009-in-kraft-getreten\/"},"author":{"name":"admin","@id":"https:\/\/www.mek-law.de\/#\/schema\/person\/c2f3213aa109e57ec6e3ee55b0fc0fe2"},"headline":"EnEV 2009 zum 01.10.2009 in Kraft getreten","datePublished":"2021-03-22T13:30:22+00:00","dateModified":"2021-03-22T13:31:16+00:00","mainEntityOfPage":{"@id":"https:\/\/www.mek-law.de\/2021\/03\/22\/enev-2009-zum-01-10-2009-in-kraft-getreten\/"},"wordCount":751,"commentCount":0,"keywords":["Old blogposts"],"articleSection":["Allgemein"],"inLanguage":"en-US","potentialAction":[{"@type":"CommentAction","name":"Comment","target":["https:\/\/www.mek-law.de\/2021\/03\/22\/enev-2009-zum-01-10-2009-in-kraft-getreten\/#respond"]}]},{"@type":"WebPage","@id":"https:\/\/www.mek-law.de\/2021\/03\/22\/enev-2009-zum-01-10-2009-in-kraft-getreten\/","url":"https:\/\/www.mek-law.de\/2021\/03\/22\/enev-2009-zum-01-10-2009-in-kraft-getreten\/","name":"EnEV 2009 zum 01.10.2009 in Kraft getreten","isPartOf":{"@id":"https:\/\/www.mek-law.de\/#website"},"datePublished":"2021-03-22T13:30:22+00:00","dateModified":"2021-03-22T13:31:16+00:00","author":{"@id":"https:\/\/www.mek-law.de\/#\/schema\/person\/c2f3213aa109e57ec6e3ee55b0fc0fe2"},"breadcrumb":{"@id":"https:\/\/www.mek-law.de\/2021\/03\/22\/enev-2009-zum-01-10-2009-in-kraft-getreten\/#breadcrumb"},"inLanguage":"en-US","potentialAction":[{"@type":"ReadAction","target":["https:\/\/www.mek-law.de\/2021\/03\/22\/enev-2009-zum-01-10-2009-in-kraft-getreten\/"]}]},{"@type":"BreadcrumbList","@id":"https:\/\/www.mek-law.de\/2021\/03\/22\/enev-2009-zum-01-10-2009-in-kraft-getreten\/#breadcrumb","itemListElement":[{"@type":"ListItem","position":1,"name":"Startseite","item":"https:\/\/www.mek-law.de\/"},{"@type":"ListItem","position":2,"name":"EnEV 2009 zum 01.10.2009 in Kraft getreten"}]},{"@type":"WebSite","@id":"https:\/\/www.mek-law.de\/#website","url":"https:\/\/www.mek-law.de\/","name":"MEK | Rechtsanwaltsgesellschaft mbH in Munich & Frankfurt","description":"","potentialAction":[{"@type":"SearchAction","target":{"@type":"EntryPoint","urlTemplate":"https:\/\/www.mek-law.de\/?s={search_term_string}"},"query-input":{"@type":"PropertyValueSpecification","valueRequired":true,"valueName":"search_term_string"}}],"inLanguage":"en-US"},{"@type":"Person","@id":"https:\/\/www.mek-law.de\/#\/schema\/person\/c2f3213aa109e57ec6e3ee55b0fc0fe2","name":"admin","image":{"@type":"ImageObject","inLanguage":"en-US","@id":"https:\/\/secure.gravatar.com\/avatar\/c0d9b27c4c44f6a9cc7ee909fbd898cfd6b313730ed70eda93b3fc150e7bf906?s=96&d=mm&r=g","url":"https:\/\/secure.gravatar.com\/avatar\/c0d9b27c4c44f6a9cc7ee909fbd898cfd6b313730ed70eda93b3fc150e7bf906?s=96&d=mm&r=g","contentUrl":"https:\/\/secure.gravatar.com\/avatar\/c0d9b27c4c44f6a9cc7ee909fbd898cfd6b313730ed70eda93b3fc150e7bf906?s=96&d=mm&r=g","caption":"admin"},"sameAs":["https:\/\/www.mek-law.de"],"url":"https:\/\/www.mek-law.de\/en\/author\/admin\/"}]}},"_links":{"self":[{"href":"https:\/\/www.mek-law.de\/en\/wp-json\/wp\/v2\/posts\/2931","targetHints":{"allow":["GET"]}}],"collection":[{"href":"https:\/\/www.mek-law.de\/en\/wp-json\/wp\/v2\/posts"}],"about":[{"href":"https:\/\/www.mek-law.de\/en\/wp-json\/wp\/v2\/types\/post"}],"author":[{"embeddable":true,"href":"https:\/\/www.mek-law.de\/en\/wp-json\/wp\/v2\/users\/1"}],"replies":[{"embeddable":true,"href":"https:\/\/www.mek-law.de\/en\/wp-json\/wp\/v2\/comments?post=2931"}],"version-history":[{"count":0,"href":"https:\/\/www.mek-law.de\/en\/wp-json\/wp\/v2\/posts\/2931\/revisions"}],"wp:attachment":[{"href":"https:\/\/www.mek-law.de\/en\/wp-json\/wp\/v2\/media?parent=2931"}],"wp:term":[{"taxonomy":"category","embeddable":true,"href":"https:\/\/www.mek-law.de\/en\/wp-json\/wp\/v2\/categories?post=2931"},{"taxonomy":"post_tag","embeddable":true,"href":"https:\/\/www.mek-law.de\/en\/wp-json\/wp\/v2\/tags?post=2931"}],"curies":[{"name":"wp","href":"https:\/\/api.w.org\/{rel}","templated":true}]}}