{"id":2979,"date":"2021-03-22T14:49:55","date_gmt":"2021-03-22T13:49:55","guid":{"rendered":"https:\/\/www.mek-law.de\/2021\/03\/22\/der-als-gesamtschuldner-haftende-architekt-kann-nicht-verlangen-dass-der-bauherr-vorrangig-die-gewaehrleistungsbuergschaft-des-bauunternehmers-in-anspruch-nimmt-copy\/"},"modified":"2021-03-22T14:50:30","modified_gmt":"2021-03-22T13:50:30","slug":"wann-geraet-ein-planer-in-verzug","status":"publish","type":"post","link":"https:\/\/www.mek-law.de\/en\/2021\/03\/22\/wann-geraet-ein-planer-in-verzug\/","title":{"rendered":"Wann ger\u00e4t ein Planer in Verzug?"},"content":{"rendered":"<p><b>OLG Celle vom 06.01.2011 \u2013 16 U 37\/10 \u2013 ver\u00f6ffentlicht in IBR 2011, 152<\/p>\n<p>Entscheidung<\/b><br \/>Die Bauherrin nimmt die beklagten Architekten auf Schadensersatz wegen angeblicher Fehlplanungen und erforderlicher Nachberechnungen sowie hierdurch eingetretener zeitlicher Verz\u00f6gerungen in Anspruch, die zu erheblichen Mehrkosten gef\u00fchrt h\u00e4tten. Das LG hatte die Klage abgewiesen, weshalb die Bauherrin ihre Anspr\u00fcche im Berufungsverfahren weiterverfolgt. <\/p>\n<p>Auch das OLG vermag keine Pflichtverletzung der Architekten aus dem Architektenvertrag festzustellen. Eine solche k\u00f6nne nur in einer pflichtwidrigen und verz\u00f6gerten Planvorlage liegen, woraus die behaupteten Verz\u00f6gerungssch\u00e4den entstanden sind. <\/p>\n<p>Der Architektenvertrag enthielt jedoch weder eine zeitliche Vorgabe noch vertraglich bestimmte Fristen f\u00fcr die Planvorlage. Die in Gespr\u00e4chsprotokollen enthaltenen zeitlichen Vorgaben sah das OLG nicht als ausreichend an, um hieraus eine vertragliche Bindung der Architekten derart zu entfalten, dass diese hiermit eine Vertragsfrist eingehen wollten. <\/p>\n<p>Dem Argument, dass der Fertigstellungszeitpunkt des Geb\u00e4udes (hier ein Expo-Pavillon) Grundlage des Architektenvertrages gewesen sei, folgt zwar auch das OLG. Alleine hieraus will das OLG jedoch keine Pflichtverletzung der Architekten sehen. So h\u00e4tte die Bauherrin gewusst, dass es sich bei dem geplanten Bau um planerisches Neuland handelt, weshalb es zu Problemen und Verz\u00f6gerungen bei den statischen Berechnungen kommen k\u00f6nne. Die durch die Windkanalversuche und die Pr\u00fcfingenieure ben\u00f6tigte Zeit k\u00f6nne daher nicht den Architekten angelastet werden. <\/p>\n<p>Auch nach den allgemeinen F\u00e4lligkeitsregeln des \u00a7 271 BGB lie\u00df sich nach Auffassung des OLG keine Pflichtverletzung bzw. kein Verzug der Architekten begr\u00fcnden. <\/p>\n<p>Nach der Rechtsprechung des BGH zu \u00a7 271 BGB hat der Auftragnehmer im Zweifel nach Vertragsschluss alsbald mit der Herstellung zu beginnen und sie in angemessener Zeit z\u00fcgig zu Ende zu f\u00fchren. Dabei ist auf die f\u00fcr die Herstellung notwendige Zeit abzustellen, wof\u00fcr jeweils die konkreten Umst\u00e4nde des Einzelfalls zu ber\u00fccksichtigen sind. Mit Ablauf der angemessenen Fertigstellungsfrist tritt F\u00e4lligkeit ein (BGH NJW-RR 2001, 806). Hier sei insbesondere zu ber\u00fccksichtigen, dass Planungsschwierigkeiten bereits aus der Besonderheit des innovativen&nbsp; Bauwerks vorhersehbar waren.<\/p>\n<p><b>Praxishinweis<\/b><br \/>Das Urteil spiegelt wieder einmal die nach der Rechtsprechung allgemein hohen H\u00fcrden wieder, die an einen Verzug des Planers gestellt werden. Sind keine eindeutigen Fristen oder Termine zur Vorlage der Planung vertraglich vereinbart, so hat der Planer seine Leistungen lediglich in angemessener Zeit zu erbringen, wobei auf die Umst\u00e4nde des Einzelfalls abzustellen ist. <\/p>\n<p>An das Zustandekommen verbindlich vereinbarter Vertragsfristen werden hohe Anforderungen gestellt. In Protokollen einseitig gesetzte Termine reichen in der Regel nicht aus, eine terminliche vertragliche Bindung des Planers herbeizuf\u00fchren. Vielmehr muss auch ein Bindungswillen des Planers erkennbar sein, um eine vertragliche Vereinbarung durch schl\u00fcssiges Verhalten annehmen zu k\u00f6nnen. <\/p>\n<p>F\u00fcr Auftraggeber bedeutet dies, m\u00f6glichst von Beginn an Vertragstermine zu vereinbaren, wenn es sich um ein zu einem bestimmten Zeitpunkt fertig zu stellendes Geb\u00e4ude handelt. Planer hingegen sollten sich stets wieder verdeutlichen, dass die Vereinbarung von Vertragsterminen die \u00dcbernahme der Pflicht zur Einhaltung dieser Termine bedeutet.<\/p>\n","protected":false},"excerpt":{"rendered":"<p>OLG Celle vom 06.01.2011 \u2013 16 U 37\/10 \u2013 ver\u00f6ffentlicht [&hellip;]<\/p>\n","protected":false},"author":1,"featured_media":0,"comment_status":"open","ping_status":"open","sticky":false,"template":"","format":"standard","meta":{"footnotes":""},"categories":[1],"tags":[3],"class_list":["post-2979","post","type-post","status-publish","format-standard","hentry","category-allgemein","tag-old-blogposts"],"yoast_head":"<!-- This site is optimized with the Yoast SEO plugin v27.2 - https:\/\/yoast.com\/product\/yoast-seo-wordpress\/ -->\n<title>Wann ger\u00e4t ein Planer in Verzug?<\/title>\n<meta name=\"robots\" content=\"index, follow, max-snippet:-1, max-image-preview:large, max-video-preview:-1\" \/>\n<link rel=\"canonical\" href=\"https:\/\/www.mek-law.de\/en\/2021\/03\/22\/wann-geraet-ein-planer-in-verzug\/\" \/>\n<meta property=\"og:locale\" content=\"en_US\" \/>\n<meta property=\"og:locale:alternate\" content=\"de_DE\" \/>\n<meta property=\"og:type\" content=\"article\" \/>\n<meta property=\"og:title\" content=\"Wann ger\u00e4t ein Planer in Verzug?\" \/>\n<meta property=\"og:description\" content=\"OLG Celle vom 06.01.2011 \u2013 16 U 37\/10 \u2013 ver\u00f6ffentlicht [&hellip;]\" \/>\n<meta property=\"og:url\" content=\"https:\/\/www.mek-law.de\/en\/2021\/03\/22\/wann-geraet-ein-planer-in-verzug\/\" \/>\n<meta property=\"og:site_name\" content=\"MEK | Rechtsanwaltsgesellschaft mbH in Munich &amp; Frankfurt\" \/>\n<meta property=\"article:published_time\" content=\"2021-03-22T13:49:55+00:00\" \/>\n<meta property=\"article:modified_time\" content=\"2021-03-22T13:50:30+00:00\" \/>\n<meta name=\"author\" content=\"admin\" \/>\n<meta name=\"twitter:card\" content=\"summary_large_image\" \/>\n<meta name=\"twitter:label1\" content=\"Written by\" \/>\n\t<meta name=\"twitter:data1\" content=\"admin\" \/>\n\t<meta name=\"twitter:label2\" content=\"Est. reading time\" \/>\n\t<meta name=\"twitter:data2\" content=\"2 minutes\" \/>\n<script type=\"application\/ld+json\" class=\"yoast-schema-graph\">{\"@context\":\"https:\/\/schema.org\",\"@graph\":[{\"@type\":\"Article\",\"@id\":\"https:\/\/www.mek-law.de\/2021\/03\/22\/wann-geraet-ein-planer-in-verzug\/#article\",\"isPartOf\":{\"@id\":\"https:\/\/www.mek-law.de\/2021\/03\/22\/wann-geraet-ein-planer-in-verzug\/\"},\"author\":{\"name\":\"admin\",\"@id\":\"https:\/\/www.mek-law.de\/#\/schema\/person\/c2f3213aa109e57ec6e3ee55b0fc0fe2\"},\"headline\":\"Wann ger\u00e4t ein Planer in Verzug?\",\"datePublished\":\"2021-03-22T13:49:55+00:00\",\"dateModified\":\"2021-03-22T13:50:30+00:00\",\"mainEntityOfPage\":{\"@id\":\"https:\/\/www.mek-law.de\/2021\/03\/22\/wann-geraet-ein-planer-in-verzug\/\"},\"wordCount\":488,\"commentCount\":0,\"keywords\":[\"Old blogposts\"],\"articleSection\":[\"Allgemein\"],\"inLanguage\":\"en-US\",\"potentialAction\":[{\"@type\":\"CommentAction\",\"name\":\"Comment\",\"target\":[\"https:\/\/www.mek-law.de\/2021\/03\/22\/wann-geraet-ein-planer-in-verzug\/#respond\"]}]},{\"@type\":\"WebPage\",\"@id\":\"https:\/\/www.mek-law.de\/2021\/03\/22\/wann-geraet-ein-planer-in-verzug\/\",\"url\":\"https:\/\/www.mek-law.de\/2021\/03\/22\/wann-geraet-ein-planer-in-verzug\/\",\"name\":\"Wann ger\u00e4t ein Planer in Verzug?\",\"isPartOf\":{\"@id\":\"https:\/\/www.mek-law.de\/#website\"},\"datePublished\":\"2021-03-22T13:49:55+00:00\",\"dateModified\":\"2021-03-22T13:50:30+00:00\",\"author\":{\"@id\":\"https:\/\/www.mek-law.de\/#\/schema\/person\/c2f3213aa109e57ec6e3ee55b0fc0fe2\"},\"breadcrumb\":{\"@id\":\"https:\/\/www.mek-law.de\/2021\/03\/22\/wann-geraet-ein-planer-in-verzug\/#breadcrumb\"},\"inLanguage\":\"en-US\",\"potentialAction\":[{\"@type\":\"ReadAction\",\"target\":[\"https:\/\/www.mek-law.de\/2021\/03\/22\/wann-geraet-ein-planer-in-verzug\/\"]}]},{\"@type\":\"BreadcrumbList\",\"@id\":\"https:\/\/www.mek-law.de\/2021\/03\/22\/wann-geraet-ein-planer-in-verzug\/#breadcrumb\",\"itemListElement\":[{\"@type\":\"ListItem\",\"position\":1,\"name\":\"Startseite\",\"item\":\"https:\/\/www.mek-law.de\/\"},{\"@type\":\"ListItem\",\"position\":2,\"name\":\"Wann ger\u00e4t ein Planer in Verzug?\"}]},{\"@type\":\"WebSite\",\"@id\":\"https:\/\/www.mek-law.de\/#website\",\"url\":\"https:\/\/www.mek-law.de\/\",\"name\":\"MEK | Rechtsanwaltsgesellschaft mbH in Munich & Frankfurt\",\"description\":\"\",\"potentialAction\":[{\"@type\":\"SearchAction\",\"target\":{\"@type\":\"EntryPoint\",\"urlTemplate\":\"https:\/\/www.mek-law.de\/?s={search_term_string}\"},\"query-input\":{\"@type\":\"PropertyValueSpecification\",\"valueRequired\":true,\"valueName\":\"search_term_string\"}}],\"inLanguage\":\"en-US\"},{\"@type\":\"Person\",\"@id\":\"https:\/\/www.mek-law.de\/#\/schema\/person\/c2f3213aa109e57ec6e3ee55b0fc0fe2\",\"name\":\"admin\",\"image\":{\"@type\":\"ImageObject\",\"inLanguage\":\"en-US\",\"@id\":\"https:\/\/secure.gravatar.com\/avatar\/c0d9b27c4c44f6a9cc7ee909fbd898cfd6b313730ed70eda93b3fc150e7bf906?s=96&d=mm&r=g\",\"url\":\"https:\/\/secure.gravatar.com\/avatar\/c0d9b27c4c44f6a9cc7ee909fbd898cfd6b313730ed70eda93b3fc150e7bf906?s=96&d=mm&r=g\",\"contentUrl\":\"https:\/\/secure.gravatar.com\/avatar\/c0d9b27c4c44f6a9cc7ee909fbd898cfd6b313730ed70eda93b3fc150e7bf906?s=96&d=mm&r=g\",\"caption\":\"admin\"},\"sameAs\":[\"https:\/\/www.mek-law.de\"],\"url\":\"https:\/\/www.mek-law.de\/en\/author\/admin\/\"}]}<\/script>\n<!-- \/ Yoast SEO plugin. -->","yoast_head_json":{"title":"Wann ger\u00e4t ein Planer in Verzug?","robots":{"index":"index","follow":"follow","max-snippet":"max-snippet:-1","max-image-preview":"max-image-preview:large","max-video-preview":"max-video-preview:-1"},"canonical":"https:\/\/www.mek-law.de\/en\/2021\/03\/22\/wann-geraet-ein-planer-in-verzug\/","og_locale":"en_US","og_type":"article","og_title":"[:de]Wann ger\u00e4t ein Planer in Verzug?[:] - MEK | Rechtsanwaltsgesellschaft mbH in Munich & Frankfurt","og_description":"OLG Celle vom 06.01.2011 \u2013 16 U 37\/10 \u2013 ver\u00f6ffentlicht [&hellip;]","og_url":"https:\/\/www.mek-law.de\/en\/2021\/03\/22\/wann-geraet-ein-planer-in-verzug\/","og_site_name":"MEK | Rechtsanwaltsgesellschaft mbH in Munich & Frankfurt","article_published_time":"2021-03-22T13:49:55+00:00","article_modified_time":"2021-03-22T13:50:30+00:00","author":"admin","twitter_card":"summary_large_image","twitter_misc":{"Written by":"admin","Est. reading time":"2 minutes"},"schema":{"@context":"https:\/\/schema.org","@graph":[{"@type":"Article","@id":"https:\/\/www.mek-law.de\/2021\/03\/22\/wann-geraet-ein-planer-in-verzug\/#article","isPartOf":{"@id":"https:\/\/www.mek-law.de\/2021\/03\/22\/wann-geraet-ein-planer-in-verzug\/"},"author":{"name":"admin","@id":"https:\/\/www.mek-law.de\/#\/schema\/person\/c2f3213aa109e57ec6e3ee55b0fc0fe2"},"headline":"Wann ger\u00e4t ein Planer in Verzug?","datePublished":"2021-03-22T13:49:55+00:00","dateModified":"2021-03-22T13:50:30+00:00","mainEntityOfPage":{"@id":"https:\/\/www.mek-law.de\/2021\/03\/22\/wann-geraet-ein-planer-in-verzug\/"},"wordCount":488,"commentCount":0,"keywords":["Old blogposts"],"articleSection":["Allgemein"],"inLanguage":"en-US","potentialAction":[{"@type":"CommentAction","name":"Comment","target":["https:\/\/www.mek-law.de\/2021\/03\/22\/wann-geraet-ein-planer-in-verzug\/#respond"]}]},{"@type":"WebPage","@id":"https:\/\/www.mek-law.de\/2021\/03\/22\/wann-geraet-ein-planer-in-verzug\/","url":"https:\/\/www.mek-law.de\/2021\/03\/22\/wann-geraet-ein-planer-in-verzug\/","name":"Wann ger\u00e4t ein Planer in Verzug?","isPartOf":{"@id":"https:\/\/www.mek-law.de\/#website"},"datePublished":"2021-03-22T13:49:55+00:00","dateModified":"2021-03-22T13:50:30+00:00","author":{"@id":"https:\/\/www.mek-law.de\/#\/schema\/person\/c2f3213aa109e57ec6e3ee55b0fc0fe2"},"breadcrumb":{"@id":"https:\/\/www.mek-law.de\/2021\/03\/22\/wann-geraet-ein-planer-in-verzug\/#breadcrumb"},"inLanguage":"en-US","potentialAction":[{"@type":"ReadAction","target":["https:\/\/www.mek-law.de\/2021\/03\/22\/wann-geraet-ein-planer-in-verzug\/"]}]},{"@type":"BreadcrumbList","@id":"https:\/\/www.mek-law.de\/2021\/03\/22\/wann-geraet-ein-planer-in-verzug\/#breadcrumb","itemListElement":[{"@type":"ListItem","position":1,"name":"Startseite","item":"https:\/\/www.mek-law.de\/"},{"@type":"ListItem","position":2,"name":"Wann ger\u00e4t ein Planer in Verzug?"}]},{"@type":"WebSite","@id":"https:\/\/www.mek-law.de\/#website","url":"https:\/\/www.mek-law.de\/","name":"MEK | Rechtsanwaltsgesellschaft mbH in Munich & Frankfurt","description":"","potentialAction":[{"@type":"SearchAction","target":{"@type":"EntryPoint","urlTemplate":"https:\/\/www.mek-law.de\/?s={search_term_string}"},"query-input":{"@type":"PropertyValueSpecification","valueRequired":true,"valueName":"search_term_string"}}],"inLanguage":"en-US"},{"@type":"Person","@id":"https:\/\/www.mek-law.de\/#\/schema\/person\/c2f3213aa109e57ec6e3ee55b0fc0fe2","name":"admin","image":{"@type":"ImageObject","inLanguage":"en-US","@id":"https:\/\/secure.gravatar.com\/avatar\/c0d9b27c4c44f6a9cc7ee909fbd898cfd6b313730ed70eda93b3fc150e7bf906?s=96&d=mm&r=g","url":"https:\/\/secure.gravatar.com\/avatar\/c0d9b27c4c44f6a9cc7ee909fbd898cfd6b313730ed70eda93b3fc150e7bf906?s=96&d=mm&r=g","contentUrl":"https:\/\/secure.gravatar.com\/avatar\/c0d9b27c4c44f6a9cc7ee909fbd898cfd6b313730ed70eda93b3fc150e7bf906?s=96&d=mm&r=g","caption":"admin"},"sameAs":["https:\/\/www.mek-law.de"],"url":"https:\/\/www.mek-law.de\/en\/author\/admin\/"}]}},"_links":{"self":[{"href":"https:\/\/www.mek-law.de\/en\/wp-json\/wp\/v2\/posts\/2979","targetHints":{"allow":["GET"]}}],"collection":[{"href":"https:\/\/www.mek-law.de\/en\/wp-json\/wp\/v2\/posts"}],"about":[{"href":"https:\/\/www.mek-law.de\/en\/wp-json\/wp\/v2\/types\/post"}],"author":[{"embeddable":true,"href":"https:\/\/www.mek-law.de\/en\/wp-json\/wp\/v2\/users\/1"}],"replies":[{"embeddable":true,"href":"https:\/\/www.mek-law.de\/en\/wp-json\/wp\/v2\/comments?post=2979"}],"version-history":[{"count":0,"href":"https:\/\/www.mek-law.de\/en\/wp-json\/wp\/v2\/posts\/2979\/revisions"}],"wp:attachment":[{"href":"https:\/\/www.mek-law.de\/en\/wp-json\/wp\/v2\/media?parent=2979"}],"wp:term":[{"taxonomy":"category","embeddable":true,"href":"https:\/\/www.mek-law.de\/en\/wp-json\/wp\/v2\/categories?post=2979"},{"taxonomy":"post_tag","embeddable":true,"href":"https:\/\/www.mek-law.de\/en\/wp-json\/wp\/v2\/tags?post=2979"}],"curies":[{"name":"wp","href":"https:\/\/api.w.org\/{rel}","templated":true}]}}