{"id":3131,"date":"2021-03-22T17:17:48","date_gmt":"2021-03-22T16:17:48","guid":{"rendered":"https:\/\/www.mek-law.de\/2021\/03\/22\/keine-konkludente-abnahme-trotz-nutzung-einer-beanstandeten-leistung-copy\/"},"modified":"2021-03-22T17:18:52","modified_gmt":"2021-03-22T16:18:52","slug":"verguetungsgefahr-bei-vorgezogenen-leistungsphasen","status":"publish","type":"post","link":"https:\/\/www.mek-law.de\/en\/2021\/03\/22\/verguetungsgefahr-bei-vorgezogenen-leistungsphasen\/","title":{"rendered":"Verg\u00fctungsgefahr bei vorgezogenen Leistungsphasen"},"content":{"rendered":"<p><span style=\"FONT-FAMILY: Arial; FONT-SIZE: 10pt\"><b>O<\/b><\/span><span style=\"FONT-FAMILY: Arial; FONT-SIZE: 10pt\"><b>LG Koblenz, Beschluss vom 29.09.2011 \u2013 5 U 224\/11<br \/><\/b><br \/><\/span>Bei der Vollbeauftragung von Architektenleistungen ist es aufgrund des h\u00e4ufig bestehenden Zeitdrucks fast schon \u00fcblich, dass die einzelnen Leistungsphasen nicht sukzessive nacheinander, sondern teilweise \u00fcberlappend erbracht werden. F\u00fcr den Architekten kann dies jedoch riskant sein.<\/p>\n<p>In dem vom OLG Koblenz entschiedenen Fall begann der Planer \u2013 angeblich auf Dr\u00e4ngen des Bauherrn \u2013 bereits mit der Ausf\u00fchrungsplanung (HOAI Leistungsphase 5), obwohl die Baugenehmigung noch nicht vorlag. Diese wurde jedoch sp\u00e4ter wegen \u00f6ffentlich-rechtlicher Genehmigungshindernisse versagt.<\/p>\n<p>Eine m\u00fcndliche Beauftragung oder Aufkl\u00e4rung \u00fcber das Risiko \u201evorgezogener\u201c Leistungen konnte der Planer nicht beweisen. Die Ausf\u00fchrungsplanung wurde lediglich in der Erwartung erbracht, dass die Baugenehmigung erteilt werden wird. Daher hat das OLG einen Honoraranspruch des Planers abgelehnt.&nbsp;<\/p>\n<p><b>Praxistipp<\/p>\n<p><\/b>Der Auftraggeber ist nur dann zur Zahlung eines Honorars f\u00fcr vorgezogene Planungsleistungen verpflichtet, wenn er das Vorziehen der betreffenden Leistungen ausdr\u00fccklich verlangt und damit bewusst das Risiko \u00fcbernimmt, dass sich diese vorgezogenen Leistungen im Nachhinein als nutzlos erweisen. Insoweit hat der Planer den Auftraggeber klar und deutlich dar\u00fcber zu informieren, dass verg\u00fctungspflichtige Leistungen anstehen, die sich sp\u00e4ter, z. B. mangels Baugenehmigung, als \u00fcberfl\u00fcssig erweisen k\u00f6nnen. Dies sollte aus Beweisgr\u00fcnden durch den Planer schriftlich dokumentiert werden.<\/p>\n","protected":false},"excerpt":{"rendered":"<p>OLG Koblenz, Beschluss vom 29.09.2011 \u2013 5 U 224\/11Bei der [&hellip;]<\/p>\n","protected":false},"author":1,"featured_media":0,"comment_status":"open","ping_status":"open","sticky":false,"template":"","format":"standard","meta":{"footnotes":""},"categories":[1],"tags":[3],"class_list":["post-3131","post","type-post","status-publish","format-standard","hentry","category-allgemein","tag-old-blogposts"],"yoast_head":"<!-- This site is optimized with the Yoast SEO plugin v27.2 - https:\/\/yoast.com\/product\/yoast-seo-wordpress\/ -->\n<title>Verg\u00fctungsgefahr bei vorgezogenen Leistungsphasen<\/title>\n<meta name=\"robots\" content=\"index, follow, max-snippet:-1, max-image-preview:large, max-video-preview:-1\" \/>\n<link rel=\"canonical\" href=\"https:\/\/www.mek-law.de\/en\/2021\/03\/22\/verguetungsgefahr-bei-vorgezogenen-leistungsphasen\/\" \/>\n<meta property=\"og:locale\" content=\"en_US\" \/>\n<meta property=\"og:locale:alternate\" content=\"de_DE\" \/>\n<meta property=\"og:type\" content=\"article\" \/>\n<meta property=\"og:title\" content=\"Verg\u00fctungsgefahr bei vorgezogenen Leistungsphasen\" \/>\n<meta property=\"og:description\" content=\"OLG Koblenz, Beschluss vom 29.09.2011 \u2013 5 U 224\/11Bei der [&hellip;]\" \/>\n<meta property=\"og:url\" content=\"https:\/\/www.mek-law.de\/en\/2021\/03\/22\/verguetungsgefahr-bei-vorgezogenen-leistungsphasen\/\" \/>\n<meta property=\"og:site_name\" content=\"MEK | Rechtsanwaltsgesellschaft mbH in Munich &amp; Frankfurt\" \/>\n<meta property=\"article:published_time\" content=\"2021-03-22T16:17:48+00:00\" \/>\n<meta property=\"article:modified_time\" content=\"2021-03-22T16:18:52+00:00\" \/>\n<meta name=\"author\" content=\"admin\" \/>\n<meta name=\"twitter:card\" content=\"summary_large_image\" \/>\n<meta name=\"twitter:label1\" content=\"Written by\" \/>\n\t<meta name=\"twitter:data1\" content=\"admin\" \/>\n\t<meta name=\"twitter:label2\" content=\"Est. reading time\" \/>\n\t<meta name=\"twitter:data2\" content=\"2 minutes\" \/>\n<script type=\"application\/ld+json\" class=\"yoast-schema-graph\">{\"@context\":\"https:\/\/schema.org\",\"@graph\":[{\"@type\":\"Article\",\"@id\":\"https:\/\/www.mek-law.de\/2021\/03\/22\/verguetungsgefahr-bei-vorgezogenen-leistungsphasen\/#article\",\"isPartOf\":{\"@id\":\"https:\/\/www.mek-law.de\/2021\/03\/22\/verguetungsgefahr-bei-vorgezogenen-leistungsphasen\/\"},\"author\":{\"name\":\"admin\",\"@id\":\"https:\/\/www.mek-law.de\/#\/schema\/person\/c2f3213aa109e57ec6e3ee55b0fc0fe2\"},\"headline\":\"Verg\u00fctungsgefahr bei vorgezogenen Leistungsphasen\",\"datePublished\":\"2021-03-22T16:17:48+00:00\",\"dateModified\":\"2021-03-22T16:18:52+00:00\",\"mainEntityOfPage\":{\"@id\":\"https:\/\/www.mek-law.de\/2021\/03\/22\/verguetungsgefahr-bei-vorgezogenen-leistungsphasen\/\"},\"wordCount\":214,\"commentCount\":0,\"keywords\":[\"Old blogposts\"],\"articleSection\":[\"Allgemein\"],\"inLanguage\":\"en-US\",\"potentialAction\":[{\"@type\":\"CommentAction\",\"name\":\"Comment\",\"target\":[\"https:\/\/www.mek-law.de\/2021\/03\/22\/verguetungsgefahr-bei-vorgezogenen-leistungsphasen\/#respond\"]}]},{\"@type\":\"WebPage\",\"@id\":\"https:\/\/www.mek-law.de\/2021\/03\/22\/verguetungsgefahr-bei-vorgezogenen-leistungsphasen\/\",\"url\":\"https:\/\/www.mek-law.de\/2021\/03\/22\/verguetungsgefahr-bei-vorgezogenen-leistungsphasen\/\",\"name\":\"Verg\u00fctungsgefahr bei vorgezogenen Leistungsphasen\",\"isPartOf\":{\"@id\":\"https:\/\/www.mek-law.de\/#website\"},\"datePublished\":\"2021-03-22T16:17:48+00:00\",\"dateModified\":\"2021-03-22T16:18:52+00:00\",\"author\":{\"@id\":\"https:\/\/www.mek-law.de\/#\/schema\/person\/c2f3213aa109e57ec6e3ee55b0fc0fe2\"},\"breadcrumb\":{\"@id\":\"https:\/\/www.mek-law.de\/2021\/03\/22\/verguetungsgefahr-bei-vorgezogenen-leistungsphasen\/#breadcrumb\"},\"inLanguage\":\"en-US\",\"potentialAction\":[{\"@type\":\"ReadAction\",\"target\":[\"https:\/\/www.mek-law.de\/2021\/03\/22\/verguetungsgefahr-bei-vorgezogenen-leistungsphasen\/\"]}]},{\"@type\":\"BreadcrumbList\",\"@id\":\"https:\/\/www.mek-law.de\/2021\/03\/22\/verguetungsgefahr-bei-vorgezogenen-leistungsphasen\/#breadcrumb\",\"itemListElement\":[{\"@type\":\"ListItem\",\"position\":1,\"name\":\"Startseite\",\"item\":\"https:\/\/www.mek-law.de\/\"},{\"@type\":\"ListItem\",\"position\":2,\"name\":\"Verg\u00fctungsgefahr bei vorgezogenen Leistungsphasen\"}]},{\"@type\":\"WebSite\",\"@id\":\"https:\/\/www.mek-law.de\/#website\",\"url\":\"https:\/\/www.mek-law.de\/\",\"name\":\"MEK | Rechtsanwaltsgesellschaft mbH in Munich & Frankfurt\",\"description\":\"\",\"potentialAction\":[{\"@type\":\"SearchAction\",\"target\":{\"@type\":\"EntryPoint\",\"urlTemplate\":\"https:\/\/www.mek-law.de\/?s={search_term_string}\"},\"query-input\":{\"@type\":\"PropertyValueSpecification\",\"valueRequired\":true,\"valueName\":\"search_term_string\"}}],\"inLanguage\":\"en-US\"},{\"@type\":\"Person\",\"@id\":\"https:\/\/www.mek-law.de\/#\/schema\/person\/c2f3213aa109e57ec6e3ee55b0fc0fe2\",\"name\":\"admin\",\"image\":{\"@type\":\"ImageObject\",\"inLanguage\":\"en-US\",\"@id\":\"https:\/\/secure.gravatar.com\/avatar\/c0d9b27c4c44f6a9cc7ee909fbd898cfd6b313730ed70eda93b3fc150e7bf906?s=96&d=mm&r=g\",\"url\":\"https:\/\/secure.gravatar.com\/avatar\/c0d9b27c4c44f6a9cc7ee909fbd898cfd6b313730ed70eda93b3fc150e7bf906?s=96&d=mm&r=g\",\"contentUrl\":\"https:\/\/secure.gravatar.com\/avatar\/c0d9b27c4c44f6a9cc7ee909fbd898cfd6b313730ed70eda93b3fc150e7bf906?s=96&d=mm&r=g\",\"caption\":\"admin\"},\"sameAs\":[\"https:\/\/www.mek-law.de\"],\"url\":\"https:\/\/www.mek-law.de\/en\/author\/admin\/\"}]}<\/script>\n<!-- \/ Yoast SEO plugin. -->","yoast_head_json":{"title":"Verg\u00fctungsgefahr bei vorgezogenen Leistungsphasen","robots":{"index":"index","follow":"follow","max-snippet":"max-snippet:-1","max-image-preview":"max-image-preview:large","max-video-preview":"max-video-preview:-1"},"canonical":"https:\/\/www.mek-law.de\/en\/2021\/03\/22\/verguetungsgefahr-bei-vorgezogenen-leistungsphasen\/","og_locale":"en_US","og_type":"article","og_title":"[:de]Verg\u00fctungsgefahr bei vorgezogenen Leistungsphasen[:] - MEK | Rechtsanwaltsgesellschaft mbH in Munich & Frankfurt","og_description":"OLG Koblenz, Beschluss vom 29.09.2011 \u2013 5 U 224\/11Bei der [&hellip;]","og_url":"https:\/\/www.mek-law.de\/en\/2021\/03\/22\/verguetungsgefahr-bei-vorgezogenen-leistungsphasen\/","og_site_name":"MEK | Rechtsanwaltsgesellschaft mbH in Munich & Frankfurt","article_published_time":"2021-03-22T16:17:48+00:00","article_modified_time":"2021-03-22T16:18:52+00:00","author":"admin","twitter_card":"summary_large_image","twitter_misc":{"Written by":"admin","Est. reading time":"2 minutes"},"schema":{"@context":"https:\/\/schema.org","@graph":[{"@type":"Article","@id":"https:\/\/www.mek-law.de\/2021\/03\/22\/verguetungsgefahr-bei-vorgezogenen-leistungsphasen\/#article","isPartOf":{"@id":"https:\/\/www.mek-law.de\/2021\/03\/22\/verguetungsgefahr-bei-vorgezogenen-leistungsphasen\/"},"author":{"name":"admin","@id":"https:\/\/www.mek-law.de\/#\/schema\/person\/c2f3213aa109e57ec6e3ee55b0fc0fe2"},"headline":"Verg\u00fctungsgefahr bei vorgezogenen Leistungsphasen","datePublished":"2021-03-22T16:17:48+00:00","dateModified":"2021-03-22T16:18:52+00:00","mainEntityOfPage":{"@id":"https:\/\/www.mek-law.de\/2021\/03\/22\/verguetungsgefahr-bei-vorgezogenen-leistungsphasen\/"},"wordCount":214,"commentCount":0,"keywords":["Old blogposts"],"articleSection":["Allgemein"],"inLanguage":"en-US","potentialAction":[{"@type":"CommentAction","name":"Comment","target":["https:\/\/www.mek-law.de\/2021\/03\/22\/verguetungsgefahr-bei-vorgezogenen-leistungsphasen\/#respond"]}]},{"@type":"WebPage","@id":"https:\/\/www.mek-law.de\/2021\/03\/22\/verguetungsgefahr-bei-vorgezogenen-leistungsphasen\/","url":"https:\/\/www.mek-law.de\/2021\/03\/22\/verguetungsgefahr-bei-vorgezogenen-leistungsphasen\/","name":"Verg\u00fctungsgefahr bei vorgezogenen Leistungsphasen","isPartOf":{"@id":"https:\/\/www.mek-law.de\/#website"},"datePublished":"2021-03-22T16:17:48+00:00","dateModified":"2021-03-22T16:18:52+00:00","author":{"@id":"https:\/\/www.mek-law.de\/#\/schema\/person\/c2f3213aa109e57ec6e3ee55b0fc0fe2"},"breadcrumb":{"@id":"https:\/\/www.mek-law.de\/2021\/03\/22\/verguetungsgefahr-bei-vorgezogenen-leistungsphasen\/#breadcrumb"},"inLanguage":"en-US","potentialAction":[{"@type":"ReadAction","target":["https:\/\/www.mek-law.de\/2021\/03\/22\/verguetungsgefahr-bei-vorgezogenen-leistungsphasen\/"]}]},{"@type":"BreadcrumbList","@id":"https:\/\/www.mek-law.de\/2021\/03\/22\/verguetungsgefahr-bei-vorgezogenen-leistungsphasen\/#breadcrumb","itemListElement":[{"@type":"ListItem","position":1,"name":"Startseite","item":"https:\/\/www.mek-law.de\/"},{"@type":"ListItem","position":2,"name":"Verg\u00fctungsgefahr bei vorgezogenen Leistungsphasen"}]},{"@type":"WebSite","@id":"https:\/\/www.mek-law.de\/#website","url":"https:\/\/www.mek-law.de\/","name":"MEK | Rechtsanwaltsgesellschaft mbH in Munich & Frankfurt","description":"","potentialAction":[{"@type":"SearchAction","target":{"@type":"EntryPoint","urlTemplate":"https:\/\/www.mek-law.de\/?s={search_term_string}"},"query-input":{"@type":"PropertyValueSpecification","valueRequired":true,"valueName":"search_term_string"}}],"inLanguage":"en-US"},{"@type":"Person","@id":"https:\/\/www.mek-law.de\/#\/schema\/person\/c2f3213aa109e57ec6e3ee55b0fc0fe2","name":"admin","image":{"@type":"ImageObject","inLanguage":"en-US","@id":"https:\/\/secure.gravatar.com\/avatar\/c0d9b27c4c44f6a9cc7ee909fbd898cfd6b313730ed70eda93b3fc150e7bf906?s=96&d=mm&r=g","url":"https:\/\/secure.gravatar.com\/avatar\/c0d9b27c4c44f6a9cc7ee909fbd898cfd6b313730ed70eda93b3fc150e7bf906?s=96&d=mm&r=g","contentUrl":"https:\/\/secure.gravatar.com\/avatar\/c0d9b27c4c44f6a9cc7ee909fbd898cfd6b313730ed70eda93b3fc150e7bf906?s=96&d=mm&r=g","caption":"admin"},"sameAs":["https:\/\/www.mek-law.de"],"url":"https:\/\/www.mek-law.de\/en\/author\/admin\/"}]}},"_links":{"self":[{"href":"https:\/\/www.mek-law.de\/en\/wp-json\/wp\/v2\/posts\/3131","targetHints":{"allow":["GET"]}}],"collection":[{"href":"https:\/\/www.mek-law.de\/en\/wp-json\/wp\/v2\/posts"}],"about":[{"href":"https:\/\/www.mek-law.de\/en\/wp-json\/wp\/v2\/types\/post"}],"author":[{"embeddable":true,"href":"https:\/\/www.mek-law.de\/en\/wp-json\/wp\/v2\/users\/1"}],"replies":[{"embeddable":true,"href":"https:\/\/www.mek-law.de\/en\/wp-json\/wp\/v2\/comments?post=3131"}],"version-history":[{"count":0,"href":"https:\/\/www.mek-law.de\/en\/wp-json\/wp\/v2\/posts\/3131\/revisions"}],"wp:attachment":[{"href":"https:\/\/www.mek-law.de\/en\/wp-json\/wp\/v2\/media?parent=3131"}],"wp:term":[{"taxonomy":"category","embeddable":true,"href":"https:\/\/www.mek-law.de\/en\/wp-json\/wp\/v2\/categories?post=3131"},{"taxonomy":"post_tag","embeddable":true,"href":"https:\/\/www.mek-law.de\/en\/wp-json\/wp\/v2\/tags?post=3131"}],"curies":[{"name":"wp","href":"https:\/\/api.w.org\/{rel}","templated":true}]}}