{"id":3168,"date":"2021-03-22T17:30:17","date_gmt":"2021-03-22T16:30:17","guid":{"rendered":"https:\/\/www.mek-law.de\/2021\/03\/22\/ein-weiterer-schritt-zur-mietrechtsreform-2012-copy\/"},"modified":"2021-03-22T17:30:42","modified_gmt":"2021-03-22T16:30:42","slug":"bundestag-hat-mediationsgesetz-verabschiedet","status":"publish","type":"post","link":"https:\/\/www.mek-law.de\/en\/2021\/03\/22\/bundestag-hat-mediationsgesetz-verabschiedet\/","title":{"rendered":"Bundestag hat Mediationsgesetz verabschiedet"},"content":{"rendered":"<p>Einstimmig hat der Bundestag am 15.12.2011 das \u201eGesetz zur F\u00f6rderung der Mediation und anderer Verfahren zur au\u00dfergerichtlichen Konfliktbeilegung\u201c verabschiedet. Konflikte sollen damit k\u00fcnftig m\u00f6glichst au\u00dfergerichtlich und trotzdem rechtsg\u00fcltig gel\u00f6st werden. Ziel des Gesetzes ist es daher, die au\u00dfergerichtliche Mediation zu st\u00e4rken und zu f\u00f6rdern, gleichwohl aber durch entsprechende Beratungspflichten des Mediators Rechtssicherheit f\u00fcr die Beteiligten zu wahren. Die bislang in zahlreichen Pilotprojekten unternommene gerichtsinterne Mediation wird als solches nicht weitergef\u00fchrt, sondern stattdessen ein der richterlichen T\u00e4tigkeit verwandteres Modell des G\u00fcterichters eingef\u00fchrt. Zur Sicherung eines Qualit\u00e4tsstandards wurden auch zur Ausbildung und Zertifizierung der Mediatoren verbindliche Regelungen getroffen.<\/p>\n<p>Wir hoffen, dass das Gesetz zu einer besseren Streitkultur in Deutschland beitragen wird!<\/p>\n","protected":false},"excerpt":{"rendered":"<p>Einstimmig hat der Bundestag am 15.12.2011 das \u201eGesetz zur F\u00f6rderung [&hellip;]<\/p>\n","protected":false},"author":1,"featured_media":0,"comment_status":"open","ping_status":"open","sticky":false,"template":"","format":"standard","meta":{"footnotes":""},"categories":[1],"tags":[3],"class_list":["post-3168","post","type-post","status-publish","format-standard","hentry","category-allgemein","tag-old-blogposts"],"yoast_head":"<!-- This site is optimized with the Yoast SEO plugin v27.2 - https:\/\/yoast.com\/product\/yoast-seo-wordpress\/ -->\n<title>Bundestag hat Mediationsgesetz verabschiedet<\/title>\n<meta name=\"robots\" content=\"index, follow, max-snippet:-1, max-image-preview:large, max-video-preview:-1\" \/>\n<link rel=\"canonical\" href=\"https:\/\/www.mek-law.de\/en\/2021\/03\/22\/bundestag-hat-mediationsgesetz-verabschiedet\/\" \/>\n<meta property=\"og:locale\" content=\"en_US\" \/>\n<meta property=\"og:locale:alternate\" content=\"de_DE\" \/>\n<meta property=\"og:type\" content=\"article\" \/>\n<meta property=\"og:title\" content=\"Bundestag hat Mediationsgesetz verabschiedet\" \/>\n<meta property=\"og:description\" content=\"Einstimmig hat der Bundestag am 15.12.2011 das \u201eGesetz zur F\u00f6rderung [&hellip;]\" \/>\n<meta property=\"og:url\" content=\"https:\/\/www.mek-law.de\/en\/2021\/03\/22\/bundestag-hat-mediationsgesetz-verabschiedet\/\" \/>\n<meta property=\"og:site_name\" content=\"MEK | Rechtsanwaltsgesellschaft mbH in Munich &amp; Frankfurt\" \/>\n<meta property=\"article:published_time\" content=\"2021-03-22T16:30:17+00:00\" \/>\n<meta property=\"article:modified_time\" content=\"2021-03-22T16:30:42+00:00\" \/>\n<meta name=\"author\" content=\"admin\" \/>\n<meta name=\"twitter:card\" content=\"summary_large_image\" \/>\n<meta name=\"twitter:label1\" content=\"Written by\" \/>\n\t<meta name=\"twitter:data1\" content=\"admin\" \/>\n\t<meta name=\"twitter:label2\" content=\"Est. reading time\" \/>\n\t<meta name=\"twitter:data2\" content=\"2 minutes\" \/>\n<script type=\"application\/ld+json\" class=\"yoast-schema-graph\">{\"@context\":\"https:\/\/schema.org\",\"@graph\":[{\"@type\":\"Article\",\"@id\":\"https:\/\/www.mek-law.de\/2021\/03\/22\/bundestag-hat-mediationsgesetz-verabschiedet\/#article\",\"isPartOf\":{\"@id\":\"https:\/\/www.mek-law.de\/2021\/03\/22\/bundestag-hat-mediationsgesetz-verabschiedet\/\"},\"author\":{\"name\":\"admin\",\"@id\":\"https:\/\/www.mek-law.de\/#\/schema\/person\/c2f3213aa109e57ec6e3ee55b0fc0fe2\"},\"headline\":\"Bundestag hat Mediationsgesetz verabschiedet\",\"datePublished\":\"2021-03-22T16:30:17+00:00\",\"dateModified\":\"2021-03-22T16:30:42+00:00\",\"mainEntityOfPage\":{\"@id\":\"https:\/\/www.mek-law.de\/2021\/03\/22\/bundestag-hat-mediationsgesetz-verabschiedet\/\"},\"wordCount\":130,\"commentCount\":0,\"keywords\":[\"Old blogposts\"],\"articleSection\":[\"Allgemein\"],\"inLanguage\":\"en-US\",\"potentialAction\":[{\"@type\":\"CommentAction\",\"name\":\"Comment\",\"target\":[\"https:\/\/www.mek-law.de\/2021\/03\/22\/bundestag-hat-mediationsgesetz-verabschiedet\/#respond\"]}]},{\"@type\":\"WebPage\",\"@id\":\"https:\/\/www.mek-law.de\/2021\/03\/22\/bundestag-hat-mediationsgesetz-verabschiedet\/\",\"url\":\"https:\/\/www.mek-law.de\/2021\/03\/22\/bundestag-hat-mediationsgesetz-verabschiedet\/\",\"name\":\"Bundestag hat Mediationsgesetz verabschiedet\",\"isPartOf\":{\"@id\":\"https:\/\/www.mek-law.de\/#website\"},\"datePublished\":\"2021-03-22T16:30:17+00:00\",\"dateModified\":\"2021-03-22T16:30:42+00:00\",\"author\":{\"@id\":\"https:\/\/www.mek-law.de\/#\/schema\/person\/c2f3213aa109e57ec6e3ee55b0fc0fe2\"},\"breadcrumb\":{\"@id\":\"https:\/\/www.mek-law.de\/2021\/03\/22\/bundestag-hat-mediationsgesetz-verabschiedet\/#breadcrumb\"},\"inLanguage\":\"en-US\",\"potentialAction\":[{\"@type\":\"ReadAction\",\"target\":[\"https:\/\/www.mek-law.de\/2021\/03\/22\/bundestag-hat-mediationsgesetz-verabschiedet\/\"]}]},{\"@type\":\"BreadcrumbList\",\"@id\":\"https:\/\/www.mek-law.de\/2021\/03\/22\/bundestag-hat-mediationsgesetz-verabschiedet\/#breadcrumb\",\"itemListElement\":[{\"@type\":\"ListItem\",\"position\":1,\"name\":\"Startseite\",\"item\":\"https:\/\/www.mek-law.de\/\"},{\"@type\":\"ListItem\",\"position\":2,\"name\":\"Bundestag hat Mediationsgesetz verabschiedet\"}]},{\"@type\":\"WebSite\",\"@id\":\"https:\/\/www.mek-law.de\/#website\",\"url\":\"https:\/\/www.mek-law.de\/\",\"name\":\"MEK | Rechtsanwaltsgesellschaft mbH in Munich & Frankfurt\",\"description\":\"\",\"potentialAction\":[{\"@type\":\"SearchAction\",\"target\":{\"@type\":\"EntryPoint\",\"urlTemplate\":\"https:\/\/www.mek-law.de\/?s={search_term_string}\"},\"query-input\":{\"@type\":\"PropertyValueSpecification\",\"valueRequired\":true,\"valueName\":\"search_term_string\"}}],\"inLanguage\":\"en-US\"},{\"@type\":\"Person\",\"@id\":\"https:\/\/www.mek-law.de\/#\/schema\/person\/c2f3213aa109e57ec6e3ee55b0fc0fe2\",\"name\":\"admin\",\"image\":{\"@type\":\"ImageObject\",\"inLanguage\":\"en-US\",\"@id\":\"https:\/\/secure.gravatar.com\/avatar\/c0d9b27c4c44f6a9cc7ee909fbd898cfd6b313730ed70eda93b3fc150e7bf906?s=96&d=mm&r=g\",\"url\":\"https:\/\/secure.gravatar.com\/avatar\/c0d9b27c4c44f6a9cc7ee909fbd898cfd6b313730ed70eda93b3fc150e7bf906?s=96&d=mm&r=g\",\"contentUrl\":\"https:\/\/secure.gravatar.com\/avatar\/c0d9b27c4c44f6a9cc7ee909fbd898cfd6b313730ed70eda93b3fc150e7bf906?s=96&d=mm&r=g\",\"caption\":\"admin\"},\"sameAs\":[\"https:\/\/www.mek-law.de\"],\"url\":\"https:\/\/www.mek-law.de\/en\/author\/admin\/\"}]}<\/script>\n<!-- \/ Yoast SEO plugin. -->","yoast_head_json":{"title":"Bundestag hat Mediationsgesetz verabschiedet","robots":{"index":"index","follow":"follow","max-snippet":"max-snippet:-1","max-image-preview":"max-image-preview:large","max-video-preview":"max-video-preview:-1"},"canonical":"https:\/\/www.mek-law.de\/en\/2021\/03\/22\/bundestag-hat-mediationsgesetz-verabschiedet\/","og_locale":"en_US","og_type":"article","og_title":"[:de]Bundestag hat Mediationsgesetz verabschiedet[:] - MEK | Rechtsanwaltsgesellschaft mbH in Munich & Frankfurt","og_description":"Einstimmig hat der Bundestag am 15.12.2011 das \u201eGesetz zur F\u00f6rderung [&hellip;]","og_url":"https:\/\/www.mek-law.de\/en\/2021\/03\/22\/bundestag-hat-mediationsgesetz-verabschiedet\/","og_site_name":"MEK | Rechtsanwaltsgesellschaft mbH in Munich & Frankfurt","article_published_time":"2021-03-22T16:30:17+00:00","article_modified_time":"2021-03-22T16:30:42+00:00","author":"admin","twitter_card":"summary_large_image","twitter_misc":{"Written by":"admin","Est. reading time":"2 minutes"},"schema":{"@context":"https:\/\/schema.org","@graph":[{"@type":"Article","@id":"https:\/\/www.mek-law.de\/2021\/03\/22\/bundestag-hat-mediationsgesetz-verabschiedet\/#article","isPartOf":{"@id":"https:\/\/www.mek-law.de\/2021\/03\/22\/bundestag-hat-mediationsgesetz-verabschiedet\/"},"author":{"name":"admin","@id":"https:\/\/www.mek-law.de\/#\/schema\/person\/c2f3213aa109e57ec6e3ee55b0fc0fe2"},"headline":"Bundestag hat Mediationsgesetz verabschiedet","datePublished":"2021-03-22T16:30:17+00:00","dateModified":"2021-03-22T16:30:42+00:00","mainEntityOfPage":{"@id":"https:\/\/www.mek-law.de\/2021\/03\/22\/bundestag-hat-mediationsgesetz-verabschiedet\/"},"wordCount":130,"commentCount":0,"keywords":["Old blogposts"],"articleSection":["Allgemein"],"inLanguage":"en-US","potentialAction":[{"@type":"CommentAction","name":"Comment","target":["https:\/\/www.mek-law.de\/2021\/03\/22\/bundestag-hat-mediationsgesetz-verabschiedet\/#respond"]}]},{"@type":"WebPage","@id":"https:\/\/www.mek-law.de\/2021\/03\/22\/bundestag-hat-mediationsgesetz-verabschiedet\/","url":"https:\/\/www.mek-law.de\/2021\/03\/22\/bundestag-hat-mediationsgesetz-verabschiedet\/","name":"Bundestag hat Mediationsgesetz verabschiedet","isPartOf":{"@id":"https:\/\/www.mek-law.de\/#website"},"datePublished":"2021-03-22T16:30:17+00:00","dateModified":"2021-03-22T16:30:42+00:00","author":{"@id":"https:\/\/www.mek-law.de\/#\/schema\/person\/c2f3213aa109e57ec6e3ee55b0fc0fe2"},"breadcrumb":{"@id":"https:\/\/www.mek-law.de\/2021\/03\/22\/bundestag-hat-mediationsgesetz-verabschiedet\/#breadcrumb"},"inLanguage":"en-US","potentialAction":[{"@type":"ReadAction","target":["https:\/\/www.mek-law.de\/2021\/03\/22\/bundestag-hat-mediationsgesetz-verabschiedet\/"]}]},{"@type":"BreadcrumbList","@id":"https:\/\/www.mek-law.de\/2021\/03\/22\/bundestag-hat-mediationsgesetz-verabschiedet\/#breadcrumb","itemListElement":[{"@type":"ListItem","position":1,"name":"Startseite","item":"https:\/\/www.mek-law.de\/"},{"@type":"ListItem","position":2,"name":"Bundestag hat Mediationsgesetz verabschiedet"}]},{"@type":"WebSite","@id":"https:\/\/www.mek-law.de\/#website","url":"https:\/\/www.mek-law.de\/","name":"MEK | Rechtsanwaltsgesellschaft mbH in Munich & Frankfurt","description":"","potentialAction":[{"@type":"SearchAction","target":{"@type":"EntryPoint","urlTemplate":"https:\/\/www.mek-law.de\/?s={search_term_string}"},"query-input":{"@type":"PropertyValueSpecification","valueRequired":true,"valueName":"search_term_string"}}],"inLanguage":"en-US"},{"@type":"Person","@id":"https:\/\/www.mek-law.de\/#\/schema\/person\/c2f3213aa109e57ec6e3ee55b0fc0fe2","name":"admin","image":{"@type":"ImageObject","inLanguage":"en-US","@id":"https:\/\/secure.gravatar.com\/avatar\/c0d9b27c4c44f6a9cc7ee909fbd898cfd6b313730ed70eda93b3fc150e7bf906?s=96&d=mm&r=g","url":"https:\/\/secure.gravatar.com\/avatar\/c0d9b27c4c44f6a9cc7ee909fbd898cfd6b313730ed70eda93b3fc150e7bf906?s=96&d=mm&r=g","contentUrl":"https:\/\/secure.gravatar.com\/avatar\/c0d9b27c4c44f6a9cc7ee909fbd898cfd6b313730ed70eda93b3fc150e7bf906?s=96&d=mm&r=g","caption":"admin"},"sameAs":["https:\/\/www.mek-law.de"],"url":"https:\/\/www.mek-law.de\/en\/author\/admin\/"}]}},"_links":{"self":[{"href":"https:\/\/www.mek-law.de\/en\/wp-json\/wp\/v2\/posts\/3168","targetHints":{"allow":["GET"]}}],"collection":[{"href":"https:\/\/www.mek-law.de\/en\/wp-json\/wp\/v2\/posts"}],"about":[{"href":"https:\/\/www.mek-law.de\/en\/wp-json\/wp\/v2\/types\/post"}],"author":[{"embeddable":true,"href":"https:\/\/www.mek-law.de\/en\/wp-json\/wp\/v2\/users\/1"}],"replies":[{"embeddable":true,"href":"https:\/\/www.mek-law.de\/en\/wp-json\/wp\/v2\/comments?post=3168"}],"version-history":[{"count":0,"href":"https:\/\/www.mek-law.de\/en\/wp-json\/wp\/v2\/posts\/3168\/revisions"}],"wp:attachment":[{"href":"https:\/\/www.mek-law.de\/en\/wp-json\/wp\/v2\/media?parent=3168"}],"wp:term":[{"taxonomy":"category","embeddable":true,"href":"https:\/\/www.mek-law.de\/en\/wp-json\/wp\/v2\/categories?post=3168"},{"taxonomy":"post_tag","embeddable":true,"href":"https:\/\/www.mek-law.de\/en\/wp-json\/wp\/v2\/tags?post=3168"}],"curies":[{"name":"wp","href":"https:\/\/api.w.org\/{rel}","templated":true}]}}