{"id":3198,"date":"2021-03-22T17:47:34","date_gmt":"2021-03-22T16:47:34","guid":{"rendered":"https:\/\/www.mek-law.de\/2021\/03\/22\/mindestsatzunterschreitung-auch-im-subplanerverhaeltnis-und-bei-staendiger-geschaeftsbeziehung-unzulaessig-copy\/"},"modified":"2021-03-22T17:48:09","modified_gmt":"2021-03-22T16:48:09","slug":"keine-oeffentlich-rechtlichen-abwehransprueche-zwischen-wohnungseigentuemern","status":"publish","type":"post","link":"https:\/\/www.mek-law.de\/en\/2021\/03\/22\/keine-oeffentlich-rechtlichen-abwehransprueche-zwischen-wohnungseigentuemern\/","title":{"rendered":"Keine \u00f6ffentlich-rechtlichen Abwehranspr\u00fcche zwischen Wohnungseigent\u00fcmern"},"content":{"rendered":"<p><b>VG M\u00fcnchen, Urteil vom 10.01.2011 &#8211; M 8 K 10-3187<\/b><\/p>\n<p><b><\/b>Bei einem nach dem WEG aufgeteilten Grundst\u00fcck sind die wechselseitigen Rechte der Sondereigent\u00fcmer und damit auch die Abwehrrechte gegen St\u00f6rungen auf dem Grundst\u00fcck durch dieses Gesetz besonders geregelt. Wann und in welchem Umfang materielle Abwehrrechte gegen baurechtlich unzul\u00e4ssige Bauma\u00dfnahmen oder Nutzungen auf dem gemeinschaftlichen Grundst\u00fcck bestehen, ergibt sich aus \u00a7 15 Abs. 3 WEG. Danach kann jeder Wohnungseigent\u00fcmer einen Gebrauch des Sondereigentums und des gemeinschaftlichen Eigentums verlangen, der dem Gesetz, den Vereinbarungen und Beschl\u00fcssen der Wohnungseigent\u00fcmer entspricht. Soweit keine vertraglichen Regelungen bestehen, gelten erg\u00e4nzend die Normen des \u00f6ffentlichen Baurechts unabh\u00e4ngig davon, ob sie nachbarsch\u00fctzend sind oder nicht.<\/p>\n<p>Innerhalb der WEG sind jedoch \u00f6ffentlich-rechtliche Nachbarschutzanspr\u00fcche ausgeschlossen.<\/p>\n<p>Erfolgt durch einen Mieter eines Sondereigent\u00fcmers eine baurechtlich unzul\u00e4ssige Nutzung sind die \u00f6ffentlich-rechtlichen Abwehranspr\u00fcche ebenfalls ausgeschlossen. Ein Sondereigent\u00fcmer, der nicht Vermieter ist, hat aber aus \u00a7 1004 BGB einen unmittelbaren Abwehranspruch gegen den Mieter, den er vor den Zivilgerichten durchsetzen muss.<\/p>\n<p><b>Praxistipp<\/b><\/p>\n<p><b><\/b>Zwar besteht kein Rechtsschutz vor den Verwaltungsgerichten, da eine etwaige Klage mangels Klagebefugnis unzul\u00e4ssig ist. Der Wohnungseigent\u00fcmer kann sich aber gegen die Ausnutzung einer rechtswidrigen Baugenehmigung oder gegen eine rechtswidrige Nutzung mit Hilfe der Zivilgerichte zur Wehr setzen (\u00a7 43 WEG). Im Rahmen der Pr\u00fcfung des Anspruchs aus \u00a7 15 Abs. 3 WEG haben die Zivilgerichte auch das \u00f6ffentliche Baurecht zu beachten und anzuwenden.<\/p>\n","protected":false},"excerpt":{"rendered":"<p>VG M\u00fcnchen, Urteil vom 10.01.2011 &#8211; M 8 K 10-3187 [&hellip;]<\/p>\n","protected":false},"author":1,"featured_media":0,"comment_status":"open","ping_status":"open","sticky":false,"template":"","format":"standard","meta":{"footnotes":""},"categories":[1],"tags":[3],"class_list":["post-3198","post","type-post","status-publish","format-standard","hentry","category-allgemein","tag-old-blogposts"],"yoast_head":"<!-- This site is optimized with the Yoast SEO plugin v27.2 - https:\/\/yoast.com\/product\/yoast-seo-wordpress\/ -->\n<title>Keine \u00f6ffentlich-rechtlichen Abwehranspr\u00fcche zwischen Wohnungseigent\u00fcmern<\/title>\n<meta name=\"robots\" content=\"index, follow, max-snippet:-1, max-image-preview:large, max-video-preview:-1\" \/>\n<link rel=\"canonical\" href=\"https:\/\/www.mek-law.de\/en\/2021\/03\/22\/keine-oeffentlich-rechtlichen-abwehransprueche-zwischen-wohnungseigentuemern\/\" \/>\n<meta property=\"og:locale\" content=\"en_US\" \/>\n<meta property=\"og:locale:alternate\" content=\"de_DE\" \/>\n<meta property=\"og:type\" content=\"article\" \/>\n<meta property=\"og:title\" content=\"Keine \u00f6ffentlich-rechtlichen Abwehranspr\u00fcche zwischen Wohnungseigent\u00fcmern\" \/>\n<meta property=\"og:description\" content=\"VG M\u00fcnchen, Urteil vom 10.01.2011 &#8211; M 8 K 10-3187 [&hellip;]\" \/>\n<meta property=\"og:url\" content=\"https:\/\/www.mek-law.de\/en\/2021\/03\/22\/keine-oeffentlich-rechtlichen-abwehransprueche-zwischen-wohnungseigentuemern\/\" \/>\n<meta property=\"og:site_name\" content=\"MEK | Rechtsanwaltsgesellschaft mbH in Munich &amp; Frankfurt\" \/>\n<meta property=\"article:published_time\" content=\"2021-03-22T16:47:34+00:00\" \/>\n<meta property=\"article:modified_time\" content=\"2021-03-22T16:48:09+00:00\" \/>\n<meta name=\"author\" content=\"admin\" \/>\n<meta name=\"twitter:card\" content=\"summary_large_image\" \/>\n<meta name=\"twitter:label1\" content=\"Written by\" \/>\n\t<meta name=\"twitter:data1\" content=\"admin\" \/>\n\t<meta name=\"twitter:label2\" content=\"Est. reading time\" \/>\n\t<meta name=\"twitter:data2\" content=\"2 minutes\" \/>\n<script type=\"application\/ld+json\" class=\"yoast-schema-graph\">{\"@context\":\"https:\/\/schema.org\",\"@graph\":[{\"@type\":\"Article\",\"@id\":\"https:\/\/www.mek-law.de\/2021\/03\/22\/keine-oeffentlich-rechtlichen-abwehransprueche-zwischen-wohnungseigentuemern\/#article\",\"isPartOf\":{\"@id\":\"https:\/\/www.mek-law.de\/2021\/03\/22\/keine-oeffentlich-rechtlichen-abwehransprueche-zwischen-wohnungseigentuemern\/\"},\"author\":{\"name\":\"admin\",\"@id\":\"https:\/\/www.mek-law.de\/#\/schema\/person\/c2f3213aa109e57ec6e3ee55b0fc0fe2\"},\"headline\":\"Keine \u00f6ffentlich-rechtlichen Abwehranspr\u00fcche zwischen Wohnungseigent\u00fcmern\",\"datePublished\":\"2021-03-22T16:47:34+00:00\",\"dateModified\":\"2021-03-22T16:48:09+00:00\",\"mainEntityOfPage\":{\"@id\":\"https:\/\/www.mek-law.de\/2021\/03\/22\/keine-oeffentlich-rechtlichen-abwehransprueche-zwischen-wohnungseigentuemern\/\"},\"wordCount\":240,\"commentCount\":0,\"keywords\":[\"Old blogposts\"],\"articleSection\":[\"Allgemein\"],\"inLanguage\":\"en-US\",\"potentialAction\":[{\"@type\":\"CommentAction\",\"name\":\"Comment\",\"target\":[\"https:\/\/www.mek-law.de\/2021\/03\/22\/keine-oeffentlich-rechtlichen-abwehransprueche-zwischen-wohnungseigentuemern\/#respond\"]}]},{\"@type\":\"WebPage\",\"@id\":\"https:\/\/www.mek-law.de\/2021\/03\/22\/keine-oeffentlich-rechtlichen-abwehransprueche-zwischen-wohnungseigentuemern\/\",\"url\":\"https:\/\/www.mek-law.de\/2021\/03\/22\/keine-oeffentlich-rechtlichen-abwehransprueche-zwischen-wohnungseigentuemern\/\",\"name\":\"Keine \u00f6ffentlich-rechtlichen Abwehranspr\u00fcche zwischen Wohnungseigent\u00fcmern\",\"isPartOf\":{\"@id\":\"https:\/\/www.mek-law.de\/#website\"},\"datePublished\":\"2021-03-22T16:47:34+00:00\",\"dateModified\":\"2021-03-22T16:48:09+00:00\",\"author\":{\"@id\":\"https:\/\/www.mek-law.de\/#\/schema\/person\/c2f3213aa109e57ec6e3ee55b0fc0fe2\"},\"breadcrumb\":{\"@id\":\"https:\/\/www.mek-law.de\/2021\/03\/22\/keine-oeffentlich-rechtlichen-abwehransprueche-zwischen-wohnungseigentuemern\/#breadcrumb\"},\"inLanguage\":\"en-US\",\"potentialAction\":[{\"@type\":\"ReadAction\",\"target\":[\"https:\/\/www.mek-law.de\/2021\/03\/22\/keine-oeffentlich-rechtlichen-abwehransprueche-zwischen-wohnungseigentuemern\/\"]}]},{\"@type\":\"BreadcrumbList\",\"@id\":\"https:\/\/www.mek-law.de\/2021\/03\/22\/keine-oeffentlich-rechtlichen-abwehransprueche-zwischen-wohnungseigentuemern\/#breadcrumb\",\"itemListElement\":[{\"@type\":\"ListItem\",\"position\":1,\"name\":\"Startseite\",\"item\":\"https:\/\/www.mek-law.de\/\"},{\"@type\":\"ListItem\",\"position\":2,\"name\":\"Keine \u00f6ffentlich-rechtlichen Abwehranspr\u00fcche zwischen Wohnungseigent\u00fcmern\"}]},{\"@type\":\"WebSite\",\"@id\":\"https:\/\/www.mek-law.de\/#website\",\"url\":\"https:\/\/www.mek-law.de\/\",\"name\":\"MEK | Rechtsanwaltsgesellschaft mbH in Munich & Frankfurt\",\"description\":\"\",\"potentialAction\":[{\"@type\":\"SearchAction\",\"target\":{\"@type\":\"EntryPoint\",\"urlTemplate\":\"https:\/\/www.mek-law.de\/?s={search_term_string}\"},\"query-input\":{\"@type\":\"PropertyValueSpecification\",\"valueRequired\":true,\"valueName\":\"search_term_string\"}}],\"inLanguage\":\"en-US\"},{\"@type\":\"Person\",\"@id\":\"https:\/\/www.mek-law.de\/#\/schema\/person\/c2f3213aa109e57ec6e3ee55b0fc0fe2\",\"name\":\"admin\",\"image\":{\"@type\":\"ImageObject\",\"inLanguage\":\"en-US\",\"@id\":\"https:\/\/secure.gravatar.com\/avatar\/c0d9b27c4c44f6a9cc7ee909fbd898cfd6b313730ed70eda93b3fc150e7bf906?s=96&d=mm&r=g\",\"url\":\"https:\/\/secure.gravatar.com\/avatar\/c0d9b27c4c44f6a9cc7ee909fbd898cfd6b313730ed70eda93b3fc150e7bf906?s=96&d=mm&r=g\",\"contentUrl\":\"https:\/\/secure.gravatar.com\/avatar\/c0d9b27c4c44f6a9cc7ee909fbd898cfd6b313730ed70eda93b3fc150e7bf906?s=96&d=mm&r=g\",\"caption\":\"admin\"},\"sameAs\":[\"https:\/\/www.mek-law.de\"],\"url\":\"https:\/\/www.mek-law.de\/en\/author\/admin\/\"}]}<\/script>\n<!-- \/ Yoast SEO plugin. -->","yoast_head_json":{"title":"Keine \u00f6ffentlich-rechtlichen Abwehranspr\u00fcche zwischen Wohnungseigent\u00fcmern","robots":{"index":"index","follow":"follow","max-snippet":"max-snippet:-1","max-image-preview":"max-image-preview:large","max-video-preview":"max-video-preview:-1"},"canonical":"https:\/\/www.mek-law.de\/en\/2021\/03\/22\/keine-oeffentlich-rechtlichen-abwehransprueche-zwischen-wohnungseigentuemern\/","og_locale":"en_US","og_type":"article","og_title":"[:de]Keine \u00f6ffentlich-rechtlichen Abwehranspr\u00fcche zwischen Wohnungseigent\u00fcmern[:] - MEK | Rechtsanwaltsgesellschaft mbH in Munich & Frankfurt","og_description":"VG M\u00fcnchen, Urteil vom 10.01.2011 &#8211; M 8 K 10-3187 [&hellip;]","og_url":"https:\/\/www.mek-law.de\/en\/2021\/03\/22\/keine-oeffentlich-rechtlichen-abwehransprueche-zwischen-wohnungseigentuemern\/","og_site_name":"MEK | Rechtsanwaltsgesellschaft mbH in Munich & Frankfurt","article_published_time":"2021-03-22T16:47:34+00:00","article_modified_time":"2021-03-22T16:48:09+00:00","author":"admin","twitter_card":"summary_large_image","twitter_misc":{"Written by":"admin","Est. reading time":"2 minutes"},"schema":{"@context":"https:\/\/schema.org","@graph":[{"@type":"Article","@id":"https:\/\/www.mek-law.de\/2021\/03\/22\/keine-oeffentlich-rechtlichen-abwehransprueche-zwischen-wohnungseigentuemern\/#article","isPartOf":{"@id":"https:\/\/www.mek-law.de\/2021\/03\/22\/keine-oeffentlich-rechtlichen-abwehransprueche-zwischen-wohnungseigentuemern\/"},"author":{"name":"admin","@id":"https:\/\/www.mek-law.de\/#\/schema\/person\/c2f3213aa109e57ec6e3ee55b0fc0fe2"},"headline":"Keine \u00f6ffentlich-rechtlichen Abwehranspr\u00fcche zwischen Wohnungseigent\u00fcmern","datePublished":"2021-03-22T16:47:34+00:00","dateModified":"2021-03-22T16:48:09+00:00","mainEntityOfPage":{"@id":"https:\/\/www.mek-law.de\/2021\/03\/22\/keine-oeffentlich-rechtlichen-abwehransprueche-zwischen-wohnungseigentuemern\/"},"wordCount":240,"commentCount":0,"keywords":["Old blogposts"],"articleSection":["Allgemein"],"inLanguage":"en-US","potentialAction":[{"@type":"CommentAction","name":"Comment","target":["https:\/\/www.mek-law.de\/2021\/03\/22\/keine-oeffentlich-rechtlichen-abwehransprueche-zwischen-wohnungseigentuemern\/#respond"]}]},{"@type":"WebPage","@id":"https:\/\/www.mek-law.de\/2021\/03\/22\/keine-oeffentlich-rechtlichen-abwehransprueche-zwischen-wohnungseigentuemern\/","url":"https:\/\/www.mek-law.de\/2021\/03\/22\/keine-oeffentlich-rechtlichen-abwehransprueche-zwischen-wohnungseigentuemern\/","name":"Keine \u00f6ffentlich-rechtlichen Abwehranspr\u00fcche zwischen Wohnungseigent\u00fcmern","isPartOf":{"@id":"https:\/\/www.mek-law.de\/#website"},"datePublished":"2021-03-22T16:47:34+00:00","dateModified":"2021-03-22T16:48:09+00:00","author":{"@id":"https:\/\/www.mek-law.de\/#\/schema\/person\/c2f3213aa109e57ec6e3ee55b0fc0fe2"},"breadcrumb":{"@id":"https:\/\/www.mek-law.de\/2021\/03\/22\/keine-oeffentlich-rechtlichen-abwehransprueche-zwischen-wohnungseigentuemern\/#breadcrumb"},"inLanguage":"en-US","potentialAction":[{"@type":"ReadAction","target":["https:\/\/www.mek-law.de\/2021\/03\/22\/keine-oeffentlich-rechtlichen-abwehransprueche-zwischen-wohnungseigentuemern\/"]}]},{"@type":"BreadcrumbList","@id":"https:\/\/www.mek-law.de\/2021\/03\/22\/keine-oeffentlich-rechtlichen-abwehransprueche-zwischen-wohnungseigentuemern\/#breadcrumb","itemListElement":[{"@type":"ListItem","position":1,"name":"Startseite","item":"https:\/\/www.mek-law.de\/"},{"@type":"ListItem","position":2,"name":"Keine \u00f6ffentlich-rechtlichen Abwehranspr\u00fcche zwischen Wohnungseigent\u00fcmern"}]},{"@type":"WebSite","@id":"https:\/\/www.mek-law.de\/#website","url":"https:\/\/www.mek-law.de\/","name":"MEK | Rechtsanwaltsgesellschaft mbH in Munich & Frankfurt","description":"","potentialAction":[{"@type":"SearchAction","target":{"@type":"EntryPoint","urlTemplate":"https:\/\/www.mek-law.de\/?s={search_term_string}"},"query-input":{"@type":"PropertyValueSpecification","valueRequired":true,"valueName":"search_term_string"}}],"inLanguage":"en-US"},{"@type":"Person","@id":"https:\/\/www.mek-law.de\/#\/schema\/person\/c2f3213aa109e57ec6e3ee55b0fc0fe2","name":"admin","image":{"@type":"ImageObject","inLanguage":"en-US","@id":"https:\/\/secure.gravatar.com\/avatar\/c0d9b27c4c44f6a9cc7ee909fbd898cfd6b313730ed70eda93b3fc150e7bf906?s=96&d=mm&r=g","url":"https:\/\/secure.gravatar.com\/avatar\/c0d9b27c4c44f6a9cc7ee909fbd898cfd6b313730ed70eda93b3fc150e7bf906?s=96&d=mm&r=g","contentUrl":"https:\/\/secure.gravatar.com\/avatar\/c0d9b27c4c44f6a9cc7ee909fbd898cfd6b313730ed70eda93b3fc150e7bf906?s=96&d=mm&r=g","caption":"admin"},"sameAs":["https:\/\/www.mek-law.de"],"url":"https:\/\/www.mek-law.de\/en\/author\/admin\/"}]}},"_links":{"self":[{"href":"https:\/\/www.mek-law.de\/en\/wp-json\/wp\/v2\/posts\/3198","targetHints":{"allow":["GET"]}}],"collection":[{"href":"https:\/\/www.mek-law.de\/en\/wp-json\/wp\/v2\/posts"}],"about":[{"href":"https:\/\/www.mek-law.de\/en\/wp-json\/wp\/v2\/types\/post"}],"author":[{"embeddable":true,"href":"https:\/\/www.mek-law.de\/en\/wp-json\/wp\/v2\/users\/1"}],"replies":[{"embeddable":true,"href":"https:\/\/www.mek-law.de\/en\/wp-json\/wp\/v2\/comments?post=3198"}],"version-history":[{"count":0,"href":"https:\/\/www.mek-law.de\/en\/wp-json\/wp\/v2\/posts\/3198\/revisions"}],"wp:attachment":[{"href":"https:\/\/www.mek-law.de\/en\/wp-json\/wp\/v2\/media?parent=3198"}],"wp:term":[{"taxonomy":"category","embeddable":true,"href":"https:\/\/www.mek-law.de\/en\/wp-json\/wp\/v2\/categories?post=3198"},{"taxonomy":"post_tag","embeddable":true,"href":"https:\/\/www.mek-law.de\/en\/wp-json\/wp\/v2\/tags?post=3198"}],"curies":[{"name":"wp","href":"https:\/\/api.w.org\/{rel}","templated":true}]}}